{"id":9333,"date":"2026-03-10T17:10:14","date_gmt":"2026-03-10T21:10:14","guid":{"rendered":"https:\/\/suanoticiaaqui.com.br\/news\/?p=9333"},"modified":"2026-03-10T17:10:14","modified_gmt":"2026-03-10T21:10:14","slug":"janja-e-enviada-por-lula-a-onu-com-delegacao-de-40-pessoas-e-despesas-pagas-pelo-governo","status":"publish","type":"post","link":"https:\/\/suanoticiaaqui.com.br\/news\/2026\/03\/10\/janja-e-enviada-por-lula-a-onu-com-delegacao-de-40-pessoas-e-despesas-pagas-pelo-governo\/","title":{"rendered":"Janja \u00e9 enviada por Lula \u00e0 ONU com delega\u00e7\u00e3o de 40 pessoas e despesas pagas pelo governo"},"content":{"rendered":"\n<p>Foto por Marcelo Camargo\/Ag\u00eancia Brasil<\/p>\n\n\n\n<p>Primeira-dama n\u00e3o ocupa cargo oficial, mas segue participando de agendas internacionais enquanto pa\u00eds enfrenta tens\u00e3o diplom\u00e1tica com os EUA<\/p>\n\n\n\n<ul class=\"wp-block-list\">\n<li><a href=\"https:\/\/bradockshow.com.br\/author\/marcotoledo\/\"><\/a>por <a href=\"https:\/\/bradockshow.com.br\/author\/marcotoledo\/\">Marco Toledo<\/a><\/li>\n<\/ul>\n\n\n\n<p>O presidente Luiz In\u00e1cio Lula da Silva designou a primeira-dama Ros\u00e2ngela Lula da Silva, a Janja, para representar o Brasil na 70\u00aa sess\u00e3o da Comiss\u00e3o sobre a Situa\u00e7\u00e3o da Mulher da Organiza\u00e7\u00e3o das Na\u00e7\u00f5es Unidas, realizada em Nova York entre os dias 7 e 14 de mar\u00e7o. A autoriza\u00e7\u00e3o foi publicada no Di\u00e1rio Oficial por despacho do chanceler Mauro Vieira, prevendo que os custos da viagem sejam bancados pelo governo federal.<\/p>\n\n\n\n<p>A comitiva brasileira re\u00fane cerca de 40 representantes de 17 \u00f3rg\u00e3os federais, incluindo dirigentes de estatais como Banco do Brasil e Petrobras. Embora acompanhe compromissos internacionais desde o in\u00edcio do atual governo, Janja n\u00e3o ocupa cargo formal na administra\u00e7\u00e3o p\u00fablica nem possui fun\u00e7\u00e3o institucional definida dentro do governo.<\/p>\n\n\n\n<p>Levantamentos divulgados pela imprensa apontam que, desde 2023, a primeira-dama j\u00e1 acumulou cerca de 170 dias fora do pa\u00eds em 36 viagens a 37 na\u00e7\u00f5es n\u00famero que supera, inclusive, o per\u00edodo em que o pr\u00f3prio presidente esteve no exterior. A nova miss\u00e3o ocorre em meio a dificuldades diplom\u00e1ticas entre Bras\u00edlia e Washington, enquanto autoridades brasileiras ainda tentam avan\u00e7ar em contatos com o presidente dos Estados Unidos, Donald Trump, e com o secret\u00e1rio de Estado Marco Rubio.<\/p>\n","protected":false},"excerpt":{"rendered":"<p>Foto por Marcelo Camargo\/Ag\u00eancia Brasil Primeira-dama n\u00e3o ocupa cargo oficial, mas segue participando de agendas internacionais enquanto pa\u00eds enfrenta tens\u00e3o&hellip;<\/p>\n","protected":false},"author":1,"featured_media":9334,"comment_status":"open","ping_status":"open","sticky":false,"template":"","format":"standard","meta":{"footnotes":""},"categories":[1],"tags":[],"class_list":["post-9333","post","type-post","status-publish","format-standard","has-post-thumbnail","hentry","category-uncategorized"],"_links":{"self":[{"href":"https:\/\/suanoticiaaqui.com.br\/news\/wp-json\/wp\/v2\/posts\/9333","targetHints":{"allow":["GET"]}}],"collection":[{"href":"https:\/\/suanoticiaaqui.com.br\/news\/wp-json\/wp\/v2\/posts"}],"about":[{"href":"https:\/\/suanoticiaaqui.com.br\/news\/wp-json\/wp\/v2\/types\/post"}],"author":[{"embeddable":true,"href":"https:\/\/suanoticiaaqui.com.br\/news\/wp-json\/wp\/v2\/users\/1"}],"replies":[{"embeddable":true,"href":"https:\/\/suanoticiaaqui.com.br\/news\/wp-json\/wp\/v2\/comments?post=9333"}],"version-history":[{"count":1,"href":"https:\/\/suanoticiaaqui.com.br\/news\/wp-json\/wp\/v2\/posts\/9333\/revisions"}],"predecessor-version":[{"id":9335,"href":"https:\/\/suanoticiaaqui.com.br\/news\/wp-json\/wp\/v2\/posts\/9333\/revisions\/9335"}],"wp:featuredmedia":[{"embeddable":true,"href":"https:\/\/suanoticiaaqui.com.br\/news\/wp-json\/wp\/v2\/media\/9334"}],"wp:attachment":[{"href":"https:\/\/suanoticiaaqui.com.br\/news\/wp-json\/wp\/v2\/media?parent=9333"}],"wp:term":[{"taxonomy":"category","embeddable":true,"href":"https:\/\/suanoticiaaqui.com.br\/news\/wp-json\/wp\/v2\/categories?post=9333"},{"taxonomy":"post_tag","embeddable":true,"href":"https:\/\/suanoticiaaqui.com.br\/news\/wp-json\/wp\/v2\/tags?post=9333"}],"curies":[{"name":"wp","href":"https:\/\/api.w.org\/{rel}","templated":true}]}}