{"id":9336,"date":"2026-03-10T17:12:59","date_gmt":"2026-03-10T21:12:59","guid":{"rendered":"https:\/\/suanoticiaaqui.com.br\/news\/?p=9336"},"modified":"2026-03-10T17:12:59","modified_gmt":"2026-03-10T21:12:59","slug":"pedido-contra-moraes-chega-ao-presidente-do-stf","status":"publish","type":"post","link":"https:\/\/suanoticiaaqui.com.br\/news\/2026\/03\/10\/pedido-contra-moraes-chega-ao-presidente-do-stf\/","title":{"rendered":"Pedido contra Moraes chega ao presidente do STF"},"content":{"rendered":"\n<p>Foto por \u00a9 Ant\u00f4nio Augusto\/Secom\/TSE<\/p>\n\n\n\n<p>Advogados solicitam envio de peti\u00e7\u00e3o \u00e0 PGR ap\u00f3s men\u00e7\u00e3o a mensagens com investigado<\/p>\n\n\n\n<ul class=\"wp-block-list\">\n<li><a href=\"https:\/\/bradockshow.com.br\/author\/marcotoledo\/\"><\/a>por <a href=\"https:\/\/bradockshow.com.br\/author\/marcotoledo\/\">Marco Toledo<\/a><\/li>\n<\/ul>\n\n\n\n<p>Uma peti\u00e7\u00e3o apresentada ao presidente do Supremo Tribunal Federal, Edson Fachin, pede o afastamento e a pris\u00e3o do ministro Alexandre de Moraes. O documento foi protocolado pelos advogados Paulo Faria e Filipe de Oliveira e menciona di\u00e1logos atribu\u00eddos ao banqueiro Daniel Vorcaro, extra\u00eddos pela Pol\u00edcia Federal.<\/p>\n\n\n\n<p>Segundo o material, uma das mensagens teria sido enviada no dia da pris\u00e3o de Vorcaro, questionando se Moraes havia conseguido \u201cbloquear\u201d determinada a\u00e7\u00e3o. Os autores argumentam que o conjunto de elementos ultrapassa o campo do debate p\u00fablico e exige apura\u00e7\u00e3o institucional formal.<\/p>\n\n\n\n<p>A peti\u00e7\u00e3o solicita que Fachin encaminhe o caso \u00e0 Procuradoria-Geral da Rep\u00fablica, respons\u00e1vel por avaliar eventuais ind\u00edcios de crime envolvendo ministros da Corte. Os advogados sustentam que, caso confirmadas as circunst\u00e2ncias descritas, poderiam existir elementos relacionados a obstru\u00e7\u00e3o de investiga\u00e7\u00e3o, advocacia administrativa e prevarica\u00e7\u00e3o.<\/p>\n","protected":false},"excerpt":{"rendered":"<p>Foto por \u00a9 Ant\u00f4nio Augusto\/Secom\/TSE Advogados solicitam envio de peti\u00e7\u00e3o \u00e0 PGR ap\u00f3s men\u00e7\u00e3o a mensagens com investigado Uma peti\u00e7\u00e3o&hellip;<\/p>\n","protected":false},"author":1,"featured_media":9337,"comment_status":"open","ping_status":"open","sticky":false,"template":"","format":"standard","meta":{"footnotes":""},"categories":[1],"tags":[],"class_list":["post-9336","post","type-post","status-publish","format-standard","has-post-thumbnail","hentry","category-uncategorized"],"_links":{"self":[{"href":"https:\/\/suanoticiaaqui.com.br\/news\/wp-json\/wp\/v2\/posts\/9336","targetHints":{"allow":["GET"]}}],"collection":[{"href":"https:\/\/suanoticiaaqui.com.br\/news\/wp-json\/wp\/v2\/posts"}],"about":[{"href":"https:\/\/suanoticiaaqui.com.br\/news\/wp-json\/wp\/v2\/types\/post"}],"author":[{"embeddable":true,"href":"https:\/\/suanoticiaaqui.com.br\/news\/wp-json\/wp\/v2\/users\/1"}],"replies":[{"embeddable":true,"href":"https:\/\/suanoticiaaqui.com.br\/news\/wp-json\/wp\/v2\/comments?post=9336"}],"version-history":[{"count":1,"href":"https:\/\/suanoticiaaqui.com.br\/news\/wp-json\/wp\/v2\/posts\/9336\/revisions"}],"predecessor-version":[{"id":9338,"href":"https:\/\/suanoticiaaqui.com.br\/news\/wp-json\/wp\/v2\/posts\/9336\/revisions\/9338"}],"wp:featuredmedia":[{"embeddable":true,"href":"https:\/\/suanoticiaaqui.com.br\/news\/wp-json\/wp\/v2\/media\/9337"}],"wp:attachment":[{"href":"https:\/\/suanoticiaaqui.com.br\/news\/wp-json\/wp\/v2\/media?parent=9336"}],"wp:term":[{"taxonomy":"category","embeddable":true,"href":"https:\/\/suanoticiaaqui.com.br\/news\/wp-json\/wp\/v2\/categories?post=9336"},{"taxonomy":"post_tag","embeddable":true,"href":"https:\/\/suanoticiaaqui.com.br\/news\/wp-json\/wp\/v2\/tags?post=9336"}],"curies":[{"name":"wp","href":"https:\/\/api.w.org\/{rel}","templated":true}]}}