{"id":9339,"date":"2026-03-10T17:14:17","date_gmt":"2026-03-10T21:14:17","guid":{"rendered":"https:\/\/suanoticiaaqui.com.br\/news\/?p=9339"},"modified":"2026-03-10T17:14:17","modified_gmt":"2026-03-10T21:14:17","slug":"pt-critica-classificacao-de-faccoes-brasileiras-como-terroristas-pelos-eua","status":"publish","type":"post","link":"https:\/\/suanoticiaaqui.com.br\/news\/2026\/03\/10\/pt-critica-classificacao-de-faccoes-brasileiras-como-terroristas-pelos-eua\/","title":{"rendered":"PT critica classifica\u00e7\u00e3o de fac\u00e7\u00f5es brasileiras como terroristas pelos EUA"},"content":{"rendered":"\n<p>Foto por \u00a9 Marcelo Camargo\/Ag\u00eancia Brasil<\/p>\n\n\n\n<p>Dirigente do partido afirma que medida anunciada por Donald Trump representa risco \u00e0 soberania nacional<\/p>\n\n\n\n<ul class=\"wp-block-list\">\n<li><a href=\"https:\/\/bradockshow.com.br\/author\/marcotoledo\/\"><\/a>por <a href=\"https:\/\/bradockshow.com.br\/author\/marcotoledo\/\">Marco Toledo<\/a><\/li>\n<\/ul>\n\n\n\n<p>O presidente do Partido dos Trabalhadores, Edinho Silva, criticou a decis\u00e3o dos Estados Unidos de classificar o Comando Vermelho e o Primeiro Comando da Capital como organiza\u00e7\u00f5es terroristas estrangeiras. Em v\u00eddeo divulgado nas redes sociais, ele afirmou que o Brasil \u201cn\u00e3o \u00e9 um puxadinho\u201d do presidente americano e disse que a medida poderia abrir caminho para san\u00e7\u00f5es econ\u00f4micas e press\u00f5es internacionais.<\/p>\n\n\n\n<p>Segundo Edinho, a classifica\u00e7\u00e3o adotada pelo governo de Trump poderia gerar consequ\u00eancias diplom\u00e1ticas e comerciais ao pa\u00eds. O dirigente tamb\u00e9m declarou que o tema deveria ser tratado de forma soberana pelas autoridades brasileiras.<\/p>\n\n\n\n<p>A decis\u00e3o americana segue modelos j\u00e1 aplicados a grupos criminosos internacionais, como o Cartel de Jalisco Nueva Generaci\u00f3n e o Tren de Aragua. Entre os poss\u00edveis efeitos est\u00e3o restri\u00e7\u00f5es de imigra\u00e7\u00e3o a pessoas associadas \u00e0s fac\u00e7\u00f5es e alertas a empresas que atuam em \u00e1reas sob influ\u00eancia desses grupos. O governo brasileiro tem defendido coopera\u00e7\u00e3o internacional no combate ao crime organizado sem a classifica\u00e7\u00e3o como terrorismo.<\/p>\n","protected":false},"excerpt":{"rendered":"<p>Foto por \u00a9 Marcelo Camargo\/Ag\u00eancia Brasil Dirigente do partido afirma que medida anunciada por Donald Trump representa risco \u00e0 soberania&hellip;<\/p>\n","protected":false},"author":1,"featured_media":9340,"comment_status":"open","ping_status":"open","sticky":false,"template":"","format":"standard","meta":{"footnotes":""},"categories":[1],"tags":[],"class_list":["post-9339","post","type-post","status-publish","format-standard","has-post-thumbnail","hentry","category-uncategorized"],"_links":{"self":[{"href":"https:\/\/suanoticiaaqui.com.br\/news\/wp-json\/wp\/v2\/posts\/9339","targetHints":{"allow":["GET"]}}],"collection":[{"href":"https:\/\/suanoticiaaqui.com.br\/news\/wp-json\/wp\/v2\/posts"}],"about":[{"href":"https:\/\/suanoticiaaqui.com.br\/news\/wp-json\/wp\/v2\/types\/post"}],"author":[{"embeddable":true,"href":"https:\/\/suanoticiaaqui.com.br\/news\/wp-json\/wp\/v2\/users\/1"}],"replies":[{"embeddable":true,"href":"https:\/\/suanoticiaaqui.com.br\/news\/wp-json\/wp\/v2\/comments?post=9339"}],"version-history":[{"count":1,"href":"https:\/\/suanoticiaaqui.com.br\/news\/wp-json\/wp\/v2\/posts\/9339\/revisions"}],"predecessor-version":[{"id":9341,"href":"https:\/\/suanoticiaaqui.com.br\/news\/wp-json\/wp\/v2\/posts\/9339\/revisions\/9341"}],"wp:featuredmedia":[{"embeddable":true,"href":"https:\/\/suanoticiaaqui.com.br\/news\/wp-json\/wp\/v2\/media\/9340"}],"wp:attachment":[{"href":"https:\/\/suanoticiaaqui.com.br\/news\/wp-json\/wp\/v2\/media?parent=9339"}],"wp:term":[{"taxonomy":"category","embeddable":true,"href":"https:\/\/suanoticiaaqui.com.br\/news\/wp-json\/wp\/v2\/categories?post=9339"},{"taxonomy":"post_tag","embeddable":true,"href":"https:\/\/suanoticiaaqui.com.br\/news\/wp-json\/wp\/v2\/tags?post=9339"}],"curies":[{"name":"wp","href":"https:\/\/api.w.org\/{rel}","templated":true}]}}