{"id":9351,"date":"2026-03-10T17:22:36","date_gmt":"2026-03-10T21:22:36","guid":{"rendered":"https:\/\/suanoticiaaqui.com.br\/news\/?p=9351"},"modified":"2026-03-10T17:22:36","modified_gmt":"2026-03-10T21:22:36","slug":"pf-investiga-vazamento-de-material-sigiloso-do-caso-banco-master","status":"publish","type":"post","link":"https:\/\/suanoticiaaqui.com.br\/news\/2026\/03\/10\/pf-investiga-vazamento-de-material-sigiloso-do-caso-banco-master\/","title":{"rendered":"PF investiga vazamento de material sigiloso do caso Banco Master"},"content":{"rendered":"\n<p>Foto por \u00a9 Pol\u00edcia Federal<\/p>\n\n\n\n<p>Apura\u00e7\u00e3o mira poss\u00edvel exposi\u00e7\u00e3o de dados obtidos pela investiga\u00e7\u00e3o envolvendo Daniel Vorcaro<\/p>\n\n\n\n<ul class=\"wp-block-list\">\n<li><a href=\"https:\/\/bradockshow.com.br\/author\/marcotoledo\/\"><\/a>por <a href=\"https:\/\/bradockshow.com.br\/author\/marcotoledo\/\">Marco Toledo<\/a><\/li>\n<\/ul>\n\n\n\n<p>A Pol\u00edcia Federal abriu inqu\u00e9rito para apurar o vazamento de informa\u00e7\u00f5es sigilosas ligadas ao caso Banco Master. A investiga\u00e7\u00e3o foi determinada pelo ministro Andr\u00e9 Mendon\u00e7a, do STF, ap\u00f3s a circula\u00e7\u00e3o nas redes de mensagens pessoais atribu\u00eddas ao empres\u00e1rio Daniel Vorcaro, extra\u00eddas de material apreendido pela pr\u00f3pria PF.<\/p>\n\n\n\n<p>Os dados haviam sido encaminhados \u00e0 CPMI em 20 de fevereiro por determina\u00e7\u00e3o do ministro. Agora, os investigadores buscam identificar se parlamentares ou servidores do Legislativo tiveram participa\u00e7\u00e3o na divulga\u00e7\u00e3o do conte\u00fado. O presidente da comiss\u00e3o, Carlos Viana, negou responsabilidade, mas afirmou que o vazamento teria contribu\u00eddo para expor fatos relevantes. J\u00e1 o relator Alfredo Gaspar declarou que orientou sua equipe a manter \u201cvazamento zero\u201d.<\/p>\n\n\n\n<p>No Supremo, o ministro Gilmar Mendes classificou a exposi\u00e7\u00e3o das mensagens como uma \u201cgrav\u00edssima viola\u00e7\u00e3o ao direito \u00e0 intimidade\u201d. Em nota oficial, a Pol\u00edcia Federal afirmou que sua fun\u00e7\u00e3o \u00e9 apenas extrair tecnicamente os dados dos dispositivos apreendidos, sem editar ou selecionar trechos do material.<\/p>\n","protected":false},"excerpt":{"rendered":"<p>Foto por \u00a9 Pol\u00edcia Federal Apura\u00e7\u00e3o mira poss\u00edvel exposi\u00e7\u00e3o de dados obtidos pela investiga\u00e7\u00e3o envolvendo Daniel Vorcaro A Pol\u00edcia Federal&hellip;<\/p>\n","protected":false},"author":1,"featured_media":9352,"comment_status":"open","ping_status":"open","sticky":false,"template":"","format":"standard","meta":{"footnotes":""},"categories":[1],"tags":[],"class_list":["post-9351","post","type-post","status-publish","format-standard","has-post-thumbnail","hentry","category-uncategorized"],"_links":{"self":[{"href":"https:\/\/suanoticiaaqui.com.br\/news\/wp-json\/wp\/v2\/posts\/9351","targetHints":{"allow":["GET"]}}],"collection":[{"href":"https:\/\/suanoticiaaqui.com.br\/news\/wp-json\/wp\/v2\/posts"}],"about":[{"href":"https:\/\/suanoticiaaqui.com.br\/news\/wp-json\/wp\/v2\/types\/post"}],"author":[{"embeddable":true,"href":"https:\/\/suanoticiaaqui.com.br\/news\/wp-json\/wp\/v2\/users\/1"}],"replies":[{"embeddable":true,"href":"https:\/\/suanoticiaaqui.com.br\/news\/wp-json\/wp\/v2\/comments?post=9351"}],"version-history":[{"count":1,"href":"https:\/\/suanoticiaaqui.com.br\/news\/wp-json\/wp\/v2\/posts\/9351\/revisions"}],"predecessor-version":[{"id":9353,"href":"https:\/\/suanoticiaaqui.com.br\/news\/wp-json\/wp\/v2\/posts\/9351\/revisions\/9353"}],"wp:featuredmedia":[{"embeddable":true,"href":"https:\/\/suanoticiaaqui.com.br\/news\/wp-json\/wp\/v2\/media\/9352"}],"wp:attachment":[{"href":"https:\/\/suanoticiaaqui.com.br\/news\/wp-json\/wp\/v2\/media?parent=9351"}],"wp:term":[{"taxonomy":"category","embeddable":true,"href":"https:\/\/suanoticiaaqui.com.br\/news\/wp-json\/wp\/v2\/categories?post=9351"},{"taxonomy":"post_tag","embeddable":true,"href":"https:\/\/suanoticiaaqui.com.br\/news\/wp-json\/wp\/v2\/tags?post=9351"}],"curies":[{"name":"wp","href":"https:\/\/api.w.org\/{rel}","templated":true}]}}