{"id":9354,"date":"2026-03-10T17:24:01","date_gmt":"2026-03-10T21:24:01","guid":{"rendered":"https:\/\/suanoticiaaqui.com.br\/news\/?p=9354"},"modified":"2026-03-10T17:24:01","modified_gmt":"2026-03-10T21:24:01","slug":"juros-seguem-pressionados-e-mercado-eleva-projecao-da-selic","status":"publish","type":"post","link":"https:\/\/suanoticiaaqui.com.br\/news\/2026\/03\/10\/juros-seguem-pressionados-e-mercado-eleva-projecao-da-selic\/","title":{"rendered":"Juros seguem pressionados e mercado eleva proje\u00e7\u00e3o da Selic"},"content":{"rendered":"\n<p>Foto por \u00a9 Rafa Neddermeyer\/Ag\u00eancia Brasil<\/p>\n\n\n\n<p>Expectativa para 2026 sobe a 12,13%, enquanto Copom avalia poss\u00edvel corte a partir de mar\u00e7o<\/p>\n\n\n\n<ul class=\"wp-block-list\">\n<li><a href=\"https:\/\/bradockshow.com.br\/author\/marcotoledo\/\"><\/a>por <a href=\"https:\/\/bradockshow.com.br\/author\/marcotoledo\/\">Marco Toledo<\/a><\/li>\n<\/ul>\n\n\n\n<p>O mercado financeiro revisou para cima a proje\u00e7\u00e3o da taxa b\u00e1sica de juros para 2026. Dados do Banco Central do Brasil, divulgados no Boletim Focus, indicam que a Taxa Selic pode encerrar o ano em 12,13%, acima da estimativa anterior de 12%. A revis\u00e3o ocorre ap\u00f3s o Comit\u00ea de Pol\u00edtica Monet\u00e1ria manter os juros em 15% pela quinta reuni\u00e3o consecutiva.<\/p>\n\n\n\n<p>Apesar da manuten\u00e7\u00e3o, o Copom sinalizou a possibilidade de iniciar um ciclo de cortes j\u00e1 em mar\u00e7o, caso o cen\u00e1rio econ\u00f4mico confirme a desacelera\u00e7\u00e3o inflacion\u00e1ria. O IPCA fechou 2025 em 4,26%, e a proje\u00e7\u00e3o para 2026 \u00e9 de 3,4%, dentro da meta estabelecida pelo Banco Central.<\/p>\n\n\n\n<p>As estimativas para o D\u00f3lar ao fim de 2026 recuaram levemente, passando de R$ 5,42 para R$ 5,41. J\u00e1 o crescimento do Produto Interno Bruto segue projetado em torno de 1,82%. Analistas, por\u00e9m, alertam que o alto n\u00edvel de inadimpl\u00eancia e a press\u00e3o internacional sobre o pre\u00e7o do petr\u00f3leo podem tornar eventual redu\u00e7\u00e3o da Selic mais lenta do que o esperado.<\/p>\n","protected":false},"excerpt":{"rendered":"<p>Foto por \u00a9 Rafa Neddermeyer\/Ag\u00eancia Brasil Expectativa para 2026 sobe a 12,13%, enquanto Copom avalia poss\u00edvel corte a partir de&hellip;<\/p>\n","protected":false},"author":1,"featured_media":9355,"comment_status":"open","ping_status":"open","sticky":false,"template":"","format":"standard","meta":{"footnotes":""},"categories":[1],"tags":[],"class_list":["post-9354","post","type-post","status-publish","format-standard","has-post-thumbnail","hentry","category-uncategorized"],"_links":{"self":[{"href":"https:\/\/suanoticiaaqui.com.br\/news\/wp-json\/wp\/v2\/posts\/9354","targetHints":{"allow":["GET"]}}],"collection":[{"href":"https:\/\/suanoticiaaqui.com.br\/news\/wp-json\/wp\/v2\/posts"}],"about":[{"href":"https:\/\/suanoticiaaqui.com.br\/news\/wp-json\/wp\/v2\/types\/post"}],"author":[{"embeddable":true,"href":"https:\/\/suanoticiaaqui.com.br\/news\/wp-json\/wp\/v2\/users\/1"}],"replies":[{"embeddable":true,"href":"https:\/\/suanoticiaaqui.com.br\/news\/wp-json\/wp\/v2\/comments?post=9354"}],"version-history":[{"count":1,"href":"https:\/\/suanoticiaaqui.com.br\/news\/wp-json\/wp\/v2\/posts\/9354\/revisions"}],"predecessor-version":[{"id":9356,"href":"https:\/\/suanoticiaaqui.com.br\/news\/wp-json\/wp\/v2\/posts\/9354\/revisions\/9356"}],"wp:featuredmedia":[{"embeddable":true,"href":"https:\/\/suanoticiaaqui.com.br\/news\/wp-json\/wp\/v2\/media\/9355"}],"wp:attachment":[{"href":"https:\/\/suanoticiaaqui.com.br\/news\/wp-json\/wp\/v2\/media?parent=9354"}],"wp:term":[{"taxonomy":"category","embeddable":true,"href":"https:\/\/suanoticiaaqui.com.br\/news\/wp-json\/wp\/v2\/categories?post=9354"},{"taxonomy":"post_tag","embeddable":true,"href":"https:\/\/suanoticiaaqui.com.br\/news\/wp-json\/wp\/v2\/tags?post=9354"}],"curies":[{"name":"wp","href":"https:\/\/api.w.org\/{rel}","templated":true}]}}