{"id":9357,"date":"2026-03-10T17:25:29","date_gmt":"2026-03-10T21:25:29","guid":{"rendered":"https:\/\/suanoticiaaqui.com.br\/news\/?p=9357"},"modified":"2026-03-10T17:25:29","modified_gmt":"2026-03-10T21:25:29","slug":"homem-e-preso-em-bataguassu-com-79-quilos-de-maconha-que-pegou-na-fronteira","status":"publish","type":"post","link":"https:\/\/suanoticiaaqui.com.br\/news\/2026\/03\/10\/homem-e-preso-em-bataguassu-com-79-quilos-de-maconha-que-pegou-na-fronteira\/","title":{"rendered":"Homem \u00e9 preso em Bataguassu com 79 quilos de maconha que pegou na fronteira"},"content":{"rendered":"\n<p>Foto por Carro e os tabletes de maconha apreendidos ontem; Foto: Divulga\u00e7\u00e3o\/PRF<br><\/p>\n\n\n\n<ul class=\"wp-block-list\">\n<li>por Luiz Guilherme<\/li>\n<\/ul>\n\n\n\n<p>Motorista de um ve\u00edculo Renault\/Scenic foi preso pela PRF (Pol\u00edcia Rodovi\u00e1ria Federal) nesta segunda-feira (9\/3), em Bataguassu, transportando 79 quilos de maconha.<\/p>\n\n\n\n<p>Segundo a ocorr\u00eancia, os policias abordaram o carro na BR-267 e flagraram os tabletes da droga no interior do autom\u00f3vel.<\/p>\n\n\n\n<p>Questionado sobre o entorpecnete, o homem confessou ter pego em Ponta Por\u00e3 e que viajaria at\u00e9 Presidente Prudente (SP). Ele foi preso e encaminhado \u00e0 PC (Pol\u00edcia Civil) em Bataguassu.<\/p>\n","protected":false},"excerpt":{"rendered":"<p>Foto por Carro e os tabletes de maconha apreendidos ontem; Foto: Divulga\u00e7\u00e3o\/PRF Motorista de um ve\u00edculo Renault\/Scenic foi preso pela&hellip;<\/p>\n","protected":false},"author":1,"featured_media":9358,"comment_status":"open","ping_status":"open","sticky":false,"template":"","format":"standard","meta":{"footnotes":""},"categories":[1],"tags":[],"class_list":["post-9357","post","type-post","status-publish","format-standard","has-post-thumbnail","hentry","category-uncategorized"],"_links":{"self":[{"href":"https:\/\/suanoticiaaqui.com.br\/news\/wp-json\/wp\/v2\/posts\/9357","targetHints":{"allow":["GET"]}}],"collection":[{"href":"https:\/\/suanoticiaaqui.com.br\/news\/wp-json\/wp\/v2\/posts"}],"about":[{"href":"https:\/\/suanoticiaaqui.com.br\/news\/wp-json\/wp\/v2\/types\/post"}],"author":[{"embeddable":true,"href":"https:\/\/suanoticiaaqui.com.br\/news\/wp-json\/wp\/v2\/users\/1"}],"replies":[{"embeddable":true,"href":"https:\/\/suanoticiaaqui.com.br\/news\/wp-json\/wp\/v2\/comments?post=9357"}],"version-history":[{"count":1,"href":"https:\/\/suanoticiaaqui.com.br\/news\/wp-json\/wp\/v2\/posts\/9357\/revisions"}],"predecessor-version":[{"id":9359,"href":"https:\/\/suanoticiaaqui.com.br\/news\/wp-json\/wp\/v2\/posts\/9357\/revisions\/9359"}],"wp:featuredmedia":[{"embeddable":true,"href":"https:\/\/suanoticiaaqui.com.br\/news\/wp-json\/wp\/v2\/media\/9358"}],"wp:attachment":[{"href":"https:\/\/suanoticiaaqui.com.br\/news\/wp-json\/wp\/v2\/media?parent=9357"}],"wp:term":[{"taxonomy":"category","embeddable":true,"href":"https:\/\/suanoticiaaqui.com.br\/news\/wp-json\/wp\/v2\/categories?post=9357"},{"taxonomy":"post_tag","embeddable":true,"href":"https:\/\/suanoticiaaqui.com.br\/news\/wp-json\/wp\/v2\/tags?post=9357"}],"curies":[{"name":"wp","href":"https:\/\/api.w.org\/{rel}","templated":true}]}}