{"id":9360,"date":"2026-03-10T17:26:44","date_gmt":"2026-03-10T21:26:44","guid":{"rendered":"https:\/\/suanoticiaaqui.com.br\/news\/?p=9360"},"modified":"2026-03-10T17:26:44","modified_gmt":"2026-03-10T21:26:44","slug":"operacao-em-presidio-federal-de-ms-cumpre-mandados-contra-bicheiro-carioca","status":"publish","type":"post","link":"https:\/\/suanoticiaaqui.com.br\/news\/2026\/03\/10\/operacao-em-presidio-federal-de-ms-cumpre-mandados-contra-bicheiro-carioca\/","title":{"rendered":"Opera\u00e7\u00e3o em pres\u00eddio federal de MS cumpre mandados contra bicheiro carioca"},"content":{"rendered":"\n<p>Mandados s\u00e3o cumpridos no Rio de Janeiro e tamb\u00e9m no Pres\u00eddio Federal de Campo Grande; Foto: Divulga\u00e7\u00e3o<\/p>\n\n\n\n<ul class=\"wp-block-list\">\n<li>\u00a0por Ag\u00eancia Brasil<\/li>\n<\/ul>\n\n\n\n<p>O Grupo de Atua\u00e7\u00e3o Especial de Combate ao Crime Organizado do Minist\u00e9rio P\u00fablico do Estado do Rio de Janeiro (Gaeco\/MPRJ) cumpre, nesta ter\u00e7a-feira (10), 20 mandados de pris\u00e3o preventiva contra o bicheiro Rog\u00e9rio de Andrade e integrantes de seu n\u00facleo de seguran\u00e7a na regi\u00e3o de Bangu, na zona oeste da capital fluminense.<\/p>\n\n\n\n<p>Rog\u00e9rio Andrade est\u00e1 preso na penitenci\u00e1ria de seguran\u00e7a m\u00e1xima, em Campo Grande, Mato Grosso do Sul, desde novembro de 2024.<\/p>\n\n\n\n<p>Segundo o MPRJ, entre os integrantes do n\u00facleo, est\u00e3o 18 policiais militares e penais &#8211; incluindo alguns que n\u00e3o est\u00e3o na ativa, entre eles um policial civil, que come\u00e7ou a participar da organiza\u00e7\u00e3o criminosa enquanto ainda estava no cargo.<\/p>\n\n\n\n<p>Os mandados s\u00e3o cumpridos com o apoio da Coordenadoria de Seguran\u00e7a e Intelig\u00eancia (CSI\/MPRJ), da Corregedoria-Geral da Pol\u00edcia Militar, da Corregedoria da Secretaria de Estado de Administra\u00e7\u00e3o Penitenci\u00e1ria e da Corregedoria da Pol\u00edcia Civil.<\/p>\n\n\n\n<p>De acordo com o Gaeco, os denunciados atuavam na seguran\u00e7a de pontos de explora\u00e7\u00e3o ilegal de jogos de azar na regi\u00e3o de Bangu e se valiam da pr\u00e1tica sistem\u00e1tica de atos de corrup\u00e7\u00e3o para garantir a livre atividade do grupo criminoso.<\/p>\n\n\n\n<p>Os alvos da opera\u00e7\u00e3o v\u00e3o responder pelos crimes de organiza\u00e7\u00e3o criminosa armada, agravada pelo emprego de funcion\u00e1rios p\u00fablicos e pela conex\u00e3o com outras organiza\u00e7\u00f5es criminosas, al\u00e9m de corrup\u00e7\u00e3o ativa e passiva.<\/p>\n\n\n\n<p>Os mandados, expedidos pelo Ju\u00edzo da 1\u00aa Vara Especializada em Organiza\u00e7\u00e3o Criminosa da Comarca da Capital, a pedido do Gaeco\/MPRJ, s\u00e3o cumpridos em endere\u00e7os nas cidades do Rio de Janeiro, Belford Roxo, Duque de Caxias, Mangaratiba, Nil\u00f3polis e S\u00e3o Jo\u00e3o de Meriti, bem como na Penitenci\u00e1ria Federal de Campo Grande, em Mato Grosso do Sul.<\/p>\n\n\n\n<p>Os policiais militares denunciados atuavam na Subsecretaria de Gest\u00e3o de Pessoas (SSGP), no Batalh\u00e3o de Policiamento de Vias Expressas (BPVE) e nos 4\u00ba, 6\u00ba, 14\u00ba, 17\u00ba, 22\u00ba, 23\u00ba e 41\u00ba Batalh\u00f5es de Pol\u00edcia Militar (BPM).<\/p>\n\n\n\n<p><strong>Rog\u00e9rio Andrade<\/strong><\/p>\n\n\n\n<p>Rog\u00e9rio \u00e9 sobrinho de Castor de Andrade, um dos maiores chefes do jogo do bicho no Rio e patrono da Mocidade Independente de Padre Miguel. Castor morreu em 1997, v\u00edtima de doen\u00e7a card\u00edaca.<\/p>\n\n\n\n<p>A morte de Castor deflagrou uma disputa familiar pela heran\u00e7a, envolvendo Paulinho de Andrade, filho de Castor, assassinado na Barra da Tijuca em 1998, crime atribu\u00eddo a Rog\u00e9rio, e Fernando Iggn\u00e1cio, tamb\u00e9m assassinado. Ele era casado com a filha de Castor.<\/p>\n\n\n\n<p>Rog\u00e9rio Andrade foi preso em outubro de 2024, apontado como mandante da morte de Fernando Iggn\u00e1cio, em 2020.<\/p>\n\n\n\n<p>O assassinato ocorreu no estacionamento de um heliporto no Recreio dos Bandeirantes, logo ap\u00f3s Iggn\u00e1cio desembarcar de helic\u00f3ptero, retornando de sua casa de praia em Angra dos Reis.<\/p>\n\n\n\n<p>Ele foi atingido por tr\u00eas tiros de fuzil, um deles na cabe\u00e7a, e teve morte instant\u00e2nea. O atirador estava escondido em um terreno baldio ao lado do heliporto.<\/p>\n","protected":false},"excerpt":{"rendered":"<p>Mandados s\u00e3o cumpridos no Rio de Janeiro e tamb\u00e9m no Pres\u00eddio Federal de Campo Grande; Foto: Divulga\u00e7\u00e3o O Grupo de&hellip;<\/p>\n","protected":false},"author":1,"featured_media":9361,"comment_status":"open","ping_status":"open","sticky":false,"template":"","format":"standard","meta":{"footnotes":""},"categories":[1],"tags":[],"class_list":["post-9360","post","type-post","status-publish","format-standard","has-post-thumbnail","hentry","category-uncategorized"],"_links":{"self":[{"href":"https:\/\/suanoticiaaqui.com.br\/news\/wp-json\/wp\/v2\/posts\/9360","targetHints":{"allow":["GET"]}}],"collection":[{"href":"https:\/\/suanoticiaaqui.com.br\/news\/wp-json\/wp\/v2\/posts"}],"about":[{"href":"https:\/\/suanoticiaaqui.com.br\/news\/wp-json\/wp\/v2\/types\/post"}],"author":[{"embeddable":true,"href":"https:\/\/suanoticiaaqui.com.br\/news\/wp-json\/wp\/v2\/users\/1"}],"replies":[{"embeddable":true,"href":"https:\/\/suanoticiaaqui.com.br\/news\/wp-json\/wp\/v2\/comments?post=9360"}],"version-history":[{"count":1,"href":"https:\/\/suanoticiaaqui.com.br\/news\/wp-json\/wp\/v2\/posts\/9360\/revisions"}],"predecessor-version":[{"id":9362,"href":"https:\/\/suanoticiaaqui.com.br\/news\/wp-json\/wp\/v2\/posts\/9360\/revisions\/9362"}],"wp:featuredmedia":[{"embeddable":true,"href":"https:\/\/suanoticiaaqui.com.br\/news\/wp-json\/wp\/v2\/media\/9361"}],"wp:attachment":[{"href":"https:\/\/suanoticiaaqui.com.br\/news\/wp-json\/wp\/v2\/media?parent=9360"}],"wp:term":[{"taxonomy":"category","embeddable":true,"href":"https:\/\/suanoticiaaqui.com.br\/news\/wp-json\/wp\/v2\/categories?post=9360"},{"taxonomy":"post_tag","embeddable":true,"href":"https:\/\/suanoticiaaqui.com.br\/news\/wp-json\/wp\/v2\/tags?post=9360"}],"curies":[{"name":"wp","href":"https:\/\/api.w.org\/{rel}","templated":true}]}}