{"id":9369,"date":"2026-03-10T17:45:44","date_gmt":"2026-03-10T21:45:44","guid":{"rendered":"https:\/\/suanoticiaaqui.com.br\/news\/?p=9369"},"modified":"2026-03-10T17:45:44","modified_gmt":"2026-03-10T21:45:44","slug":"veiculo-furtado-avaliado-em-r-100-mil-e-recuperado-na-ms-156","status":"publish","type":"post","link":"https:\/\/suanoticiaaqui.com.br\/news\/2026\/03\/10\/veiculo-furtado-avaliado-em-r-100-mil-e-recuperado-na-ms-156\/","title":{"rendered":"Ve\u00edculo furtado avaliado em R$ 100 mil \u00e9 recuperado na MS-156"},"content":{"rendered":"\n<p>por Dourados News<\/p>\n\n\n\n<p><a href=\"https:\/\/cdn.douradosnews.com.br\/img\/c\/780\/530\/dn_arquivo\/2026\/03\/whatsapp-image-2026-03-10-at-134451.jpeg\"><small>Ve\u00edculo recuperado na a\u00e7\u00e3o &#8211;&nbsp;<strong>Cr\u00e9dito: Divulga\u00e7\u00e3o BPMRv<\/strong><\/small><\/a><\/p>\n\n\n\n<p>Policiais do Batalh\u00e3o de Pol\u00edcia Militar Rodovi\u00e1ria (BPMRv) recuperaram um ve\u00edculo com registro de furto e apropria\u00e7\u00e3o ind\u00e9bita na manh\u00e3 desta ter\u00e7a-feira (10), durante fiscaliza\u00e7\u00e3o na rodovia MS-156, em Amambai.<\/p>\n\n\n\n<p>A equipe realizava policiamento ostensivo e preventivo no trecho entre Amambai e Caarap\u00f3 quando deu ordem de parada a um ve\u00edculo VW Tera, de cor prata, com placas de Curitiba (PR).<\/p>\n\n\n\n<p>Durante a abordagem, o condutor, um homem de 44 anos, demonstrou nervosismo e apresentou informa\u00e7\u00f5es contradit\u00f3rias sobre o destino da viagem. Ele afirmou que seguia para a cidade de Capit\u00e1n Bado, no Paraguai, mas n\u00e3o soube explicar o motivo do deslocamento.<\/p>\n\n\n\n<p>Ap\u00f3s checagem dos documentos e consulta aos sistemas policiais, os militares constataram que o autom\u00f3vel pertencia a uma empresa de loca\u00e7\u00e3o e possu\u00eda registro de furto e apropria\u00e7\u00e3o ind\u00e9bita, conforme ocorr\u00eancia registrada pela Pol\u00edcia Civil do Esp\u00edrito Santo (PC\/ES).<\/p>\n\n\n\n<p>Diante da constata\u00e7\u00e3o, o homem recebeu voz de pris\u00e3o e informou que exerceria o direito constitucional de permanecer em sil\u00eancio.<\/p>\n\n\n\n<p>Ele foi encaminhado, juntamente com o ve\u00edculo, \u00e0 Delegacia de Pol\u00edcia Civil de Amambai para os procedimentos legais.<\/p>\n\n\n\n<p>O carro recuperado est\u00e1 avaliado em aproximadamente R$ 100 mil, valor que representa o preju\u00edzo estimado causado pelo crime.<\/p>\n","protected":false},"excerpt":{"rendered":"<p>por Dourados News Ve\u00edculo recuperado na a\u00e7\u00e3o &#8211;&nbsp;Cr\u00e9dito: Divulga\u00e7\u00e3o BPMRv Policiais do Batalh\u00e3o de Pol\u00edcia Militar Rodovi\u00e1ria (BPMRv) recuperaram um&hellip;<\/p>\n","protected":false},"author":1,"featured_media":9370,"comment_status":"open","ping_status":"open","sticky":false,"template":"","format":"standard","meta":{"footnotes":""},"categories":[1],"tags":[],"class_list":["post-9369","post","type-post","status-publish","format-standard","has-post-thumbnail","hentry","category-uncategorized"],"_links":{"self":[{"href":"https:\/\/suanoticiaaqui.com.br\/news\/wp-json\/wp\/v2\/posts\/9369","targetHints":{"allow":["GET"]}}],"collection":[{"href":"https:\/\/suanoticiaaqui.com.br\/news\/wp-json\/wp\/v2\/posts"}],"about":[{"href":"https:\/\/suanoticiaaqui.com.br\/news\/wp-json\/wp\/v2\/types\/post"}],"author":[{"embeddable":true,"href":"https:\/\/suanoticiaaqui.com.br\/news\/wp-json\/wp\/v2\/users\/1"}],"replies":[{"embeddable":true,"href":"https:\/\/suanoticiaaqui.com.br\/news\/wp-json\/wp\/v2\/comments?post=9369"}],"version-history":[{"count":1,"href":"https:\/\/suanoticiaaqui.com.br\/news\/wp-json\/wp\/v2\/posts\/9369\/revisions"}],"predecessor-version":[{"id":9371,"href":"https:\/\/suanoticiaaqui.com.br\/news\/wp-json\/wp\/v2\/posts\/9369\/revisions\/9371"}],"wp:featuredmedia":[{"embeddable":true,"href":"https:\/\/suanoticiaaqui.com.br\/news\/wp-json\/wp\/v2\/media\/9370"}],"wp:attachment":[{"href":"https:\/\/suanoticiaaqui.com.br\/news\/wp-json\/wp\/v2\/media?parent=9369"}],"wp:term":[{"taxonomy":"category","embeddable":true,"href":"https:\/\/suanoticiaaqui.com.br\/news\/wp-json\/wp\/v2\/categories?post=9369"},{"taxonomy":"post_tag","embeddable":true,"href":"https:\/\/suanoticiaaqui.com.br\/news\/wp-json\/wp\/v2\/tags?post=9369"}],"curies":[{"name":"wp","href":"https:\/\/api.w.org\/{rel}","templated":true}]}}