{"id":9372,"date":"2026-03-10T17:47:35","date_gmt":"2026-03-10T21:47:35","guid":{"rendered":"https:\/\/suanoticiaaqui.com.br\/news\/?p=9372"},"modified":"2026-03-10T17:47:35","modified_gmt":"2026-03-10T21:47:35","slug":"suspeito-de-sequestro-carcere-privado-e-agressoes-contra-mulher-e-preso","status":"publish","type":"post","link":"https:\/\/suanoticiaaqui.com.br\/news\/2026\/03\/10\/suspeito-de-sequestro-carcere-privado-e-agressoes-contra-mulher-e-preso\/","title":{"rendered":"Suspeito de sequestro, c\u00e1rcere privado e agress\u00f5es contra mulher \u00e9 preso"},"content":{"rendered":"\n<p><a href=\"https:\/\/www.facebook.com\/sharer\/sharer.php?u=https:\/\/www.douradosnews.com.br\/regiao\/suspeito-de-sequestro-carcere-privado-e-agressoes-contra-mulher-e\/1276273\/&amp;title=Suspeito%20de%20sequestro,%20c%C3%A1rcere%20privado%20e%20agress%C3%B5es%20contra%20mulher%20%C3%A9%20preso\" target=\"_blank\" rel=\"noreferrer noopener\"><\/a><a href=\"https:\/\/twitter.com\/intent\/tweet?&amp;text=Suspeito%20de%20sequestro,%20c%C3%A1rcere%20privado%20e%20agress%C3%B5es%20contra%20mulher%20%C3%A9%20preso&amp;url=https:\/\/www.douradosnews.com.br\/regiao\/suspeito-de-sequestro-carcere-privado-e-agressoes-contra-mulher-e\/1276273\/\" target=\"_blank\" rel=\"noreferrer noopener\"><\/a><a href=\"https:\/\/www.douradosnews.com.br\/regiao\/suspeito-de-sequestro-carcere-privado-e-agressoes-contra-mulher-e\/1276273\/#comentar\"><\/a><a href=\"javascript:window.print();\"><\/a><a href=\"https:\/\/cdn.douradosnews.com.br\/img\/c\/780\/530\/dn_arquivo\/2026\/03\/whatsapp-image-2024-06-06-at-083658-1_2.jpeg\"><small>Caso foi registrado na Pol\u00edcia Civil &#8211;\u00a0<strong>Cr\u00e9dito: Divulga\u00e7\u00e3o PCMS<\/strong><\/small><\/a><\/p>\n\n\n\n<p>por Dourados News<\/p>\n\n\n\n<p>A Pol\u00edcia Civil, por meio do Grupo de Opera\u00e7\u00f5es e Investiga\u00e7\u00f5es (GOI), prendeu nesta ter\u00e7a-feira (10) D.S.F., suspeito de envolvimento em crimes de viol\u00eancia dom\u00e9stica. A captura ocorreu no bairro Jardim Centro Oeste, em Campo Grande.<\/p>\n\n\n\n<p>De acordo com a pol\u00edcia, a equipe tomou conhecimento de um grave crime ocorrido no dia 7 de mar\u00e7o de 2026, envolvendo sequestro e c\u00e1rcere privado, al\u00e9m de amea\u00e7a, inj\u00faria e les\u00e3o corporal contra a v\u00edtima.<\/p>\n\n\n\n<p>Com o mandado de pris\u00e3o em m\u00e3os, os policiais civis iniciaram dilig\u00eancias para localizar o suspeito. Ele foi encontrado no momento em que retornava para sua resid\u00eancia.<\/p>\n\n\n\n<p>Ap\u00f3s a pris\u00e3o, D.S.F. foi conduzido e apresentado \u00e0 autoridade policial na Delegacia de Atendimento \u00e0 Mulher (DAM), onde permanece \u00e0 disposi\u00e7\u00e3o da Justi\u00e7a.<\/p>\n\n\n\n<p><\/p>\n","protected":false},"excerpt":{"rendered":"<p>Caso foi registrado na Pol\u00edcia Civil &#8211;\u00a0Cr\u00e9dito: Divulga\u00e7\u00e3o PCMS por Dourados News A Pol\u00edcia Civil, por meio do Grupo de&hellip;<\/p>\n","protected":false},"author":1,"featured_media":9373,"comment_status":"open","ping_status":"open","sticky":false,"template":"","format":"standard","meta":{"footnotes":""},"categories":[1],"tags":[],"class_list":["post-9372","post","type-post","status-publish","format-standard","has-post-thumbnail","hentry","category-uncategorized"],"_links":{"self":[{"href":"https:\/\/suanoticiaaqui.com.br\/news\/wp-json\/wp\/v2\/posts\/9372","targetHints":{"allow":["GET"]}}],"collection":[{"href":"https:\/\/suanoticiaaqui.com.br\/news\/wp-json\/wp\/v2\/posts"}],"about":[{"href":"https:\/\/suanoticiaaqui.com.br\/news\/wp-json\/wp\/v2\/types\/post"}],"author":[{"embeddable":true,"href":"https:\/\/suanoticiaaqui.com.br\/news\/wp-json\/wp\/v2\/users\/1"}],"replies":[{"embeddable":true,"href":"https:\/\/suanoticiaaqui.com.br\/news\/wp-json\/wp\/v2\/comments?post=9372"}],"version-history":[{"count":1,"href":"https:\/\/suanoticiaaqui.com.br\/news\/wp-json\/wp\/v2\/posts\/9372\/revisions"}],"predecessor-version":[{"id":9374,"href":"https:\/\/suanoticiaaqui.com.br\/news\/wp-json\/wp\/v2\/posts\/9372\/revisions\/9374"}],"wp:featuredmedia":[{"embeddable":true,"href":"https:\/\/suanoticiaaqui.com.br\/news\/wp-json\/wp\/v2\/media\/9373"}],"wp:attachment":[{"href":"https:\/\/suanoticiaaqui.com.br\/news\/wp-json\/wp\/v2\/media?parent=9372"}],"wp:term":[{"taxonomy":"category","embeddable":true,"href":"https:\/\/suanoticiaaqui.com.br\/news\/wp-json\/wp\/v2\/categories?post=9372"},{"taxonomy":"post_tag","embeddable":true,"href":"https:\/\/suanoticiaaqui.com.br\/news\/wp-json\/wp\/v2\/tags?post=9372"}],"curies":[{"name":"wp","href":"https:\/\/api.w.org\/{rel}","templated":true}]}}