{"id":9375,"date":"2026-03-12T14:16:24","date_gmt":"2026-03-12T18:16:24","guid":{"rendered":"https:\/\/suanoticiaaqui.com.br\/news\/?p=9375"},"modified":"2026-03-12T14:16:24","modified_gmt":"2026-03-12T18:16:24","slug":"fachin-arquiva-pedido-para-afastar-moraes-do-caso-tagliaferro","status":"publish","type":"post","link":"https:\/\/suanoticiaaqui.com.br\/news\/2026\/03\/12\/fachin-arquiva-pedido-para-afastar-moraes-do-caso-tagliaferro\/","title":{"rendered":"Fachin arquiva pedido para afastar Moraes do caso Tagliaferro"},"content":{"rendered":"\n<p>Foto por \u00a9 Valter Campanato\/Ag\u00eancia Brasil<\/p>\n\n\n\n<p>Defesa alegou conflito de fun\u00e7\u00f5es do ministro no processo; decis\u00e3o foi baseada em quest\u00e3o processual<\/p>\n\n\n\n<ul class=\"wp-block-list\">\n<li><a href=\"https:\/\/bradockshow.com.br\/author\/marcotoledo\/\"><\/a>por <a href=\"https:\/\/bradockshow.com.br\/author\/marcotoledo\/\">Marco Toledo<\/a><\/li>\n<\/ul>\n\n\n\n<p>O ministro Edson Fachin arquivou nesta segunda-feira o pedido da defesa de Eduardo Tagliaferro para declarar Alexandre de Moraes suspeito na relatoria do processo no Supremo Tribunal Federal. Tagliaferro, ex-assessor de Moraes no Tribunal Superior Eleitoral, \u00e9 acusado pelo Minist\u00e9rio P\u00fablico Federal de viola\u00e7\u00e3o de sigilo funcional ap\u00f3s o vazamento de informa\u00e7\u00f5es que ficaram conhecidas como \u201cVaza Toga\u201d.<\/p>\n\n\n\n<p>Os advogados Paulo Faria e Filipe de Oliveira sustentaram que Moraes n\u00e3o teria isen\u00e7\u00e3o para permanecer no caso, argumentando que o ministro acumularia tr\u00eas posi\u00e7\u00f5es no mesmo processo: v\u00edtima, investigador e julgador. A defesa tamb\u00e9m apontou suposta inimizade entre Moraes e o ex-assessor.<\/p>\n\n\n\n<p>Ao analisar o pedido, Fachin decidiu arquiv\u00e1-lo com base em dois fundamentos formais: a alega\u00e7\u00e3o foi considerada \u201cmanifestamente improcedente\u201d, j\u00e1 que a Primeira Turma do STF j\u00e1 havia entendido n\u00e3o haver parcialidade, e o requerimento foi apresentado fora do prazo regimental de cinco dias ap\u00f3s a distribui\u00e7\u00e3o do processo.<\/p>\n\n\n\n<p>A defesa de Tagliaferro reagiu afirmando que a decis\u00e3o n\u00e3o enfrentou o m\u00e9rito das alega\u00e7\u00f5es. Segundo os advogados, \u201ca decis\u00e3o limitou-se a fundamentos formais\u201d, sem examinar os elementos que, na avalia\u00e7\u00e3o da defesa, indicariam comprometimento da imparcialidade no caso.<\/p>\n","protected":false},"excerpt":{"rendered":"<p>Foto por \u00a9 Valter Campanato\/Ag\u00eancia Brasil Defesa alegou conflito de fun\u00e7\u00f5es do ministro no processo; decis\u00e3o foi baseada em quest\u00e3o&hellip;<\/p>\n","protected":false},"author":1,"featured_media":9376,"comment_status":"open","ping_status":"open","sticky":false,"template":"","format":"standard","meta":{"footnotes":""},"categories":[1],"tags":[],"class_list":["post-9375","post","type-post","status-publish","format-standard","has-post-thumbnail","hentry","category-uncategorized"],"_links":{"self":[{"href":"https:\/\/suanoticiaaqui.com.br\/news\/wp-json\/wp\/v2\/posts\/9375","targetHints":{"allow":["GET"]}}],"collection":[{"href":"https:\/\/suanoticiaaqui.com.br\/news\/wp-json\/wp\/v2\/posts"}],"about":[{"href":"https:\/\/suanoticiaaqui.com.br\/news\/wp-json\/wp\/v2\/types\/post"}],"author":[{"embeddable":true,"href":"https:\/\/suanoticiaaqui.com.br\/news\/wp-json\/wp\/v2\/users\/1"}],"replies":[{"embeddable":true,"href":"https:\/\/suanoticiaaqui.com.br\/news\/wp-json\/wp\/v2\/comments?post=9375"}],"version-history":[{"count":1,"href":"https:\/\/suanoticiaaqui.com.br\/news\/wp-json\/wp\/v2\/posts\/9375\/revisions"}],"predecessor-version":[{"id":9377,"href":"https:\/\/suanoticiaaqui.com.br\/news\/wp-json\/wp\/v2\/posts\/9375\/revisions\/9377"}],"wp:featuredmedia":[{"embeddable":true,"href":"https:\/\/suanoticiaaqui.com.br\/news\/wp-json\/wp\/v2\/media\/9376"}],"wp:attachment":[{"href":"https:\/\/suanoticiaaqui.com.br\/news\/wp-json\/wp\/v2\/media?parent=9375"}],"wp:term":[{"taxonomy":"category","embeddable":true,"href":"https:\/\/suanoticiaaqui.com.br\/news\/wp-json\/wp\/v2\/categories?post=9375"},{"taxonomy":"post_tag","embeddable":true,"href":"https:\/\/suanoticiaaqui.com.br\/news\/wp-json\/wp\/v2\/tags?post=9375"}],"curies":[{"name":"wp","href":"https:\/\/api.w.org\/{rel}","templated":true}]}}