{"id":9378,"date":"2026-03-12T14:17:37","date_gmt":"2026-03-12T18:17:37","guid":{"rendered":"https:\/\/suanoticiaaqui.com.br\/news\/?p=9378"},"modified":"2026-03-12T14:17:37","modified_gmt":"2026-03-12T18:17:37","slug":"pl-rompe-com-ibaneis-e-bia-kicis-puxa-cpi-do-banco-master-no-df","status":"publish","type":"post","link":"https:\/\/suanoticiaaqui.com.br\/news\/2026\/03\/12\/pl-rompe-com-ibaneis-e-bia-kicis-puxa-cpi-do-banco-master-no-df\/","title":{"rendered":"PL rompe com Ibaneis e Bia Kicis puxa CPI do Banco Master no DF"},"content":{"rendered":"\n<p>Foto por \u00a9 Marcello Casal Jr \/ Ag\u00eancia Brasil<\/p>\n\n\n\n<p>Movimento do partido amplia crise pol\u00edtica e pressiona governo local ap\u00f3s revela\u00e7\u00f5es sobre contratos ligados ao caso<\/p>\n\n\n\n<ul class=\"wp-block-list\">\n<li><a href=\"https:\/\/bradockshow.com.br\/author\/marcotoledo\/\"><\/a>por <a href=\"https:\/\/bradockshow.com.br\/author\/marcotoledo\/\">Marco Toledo<\/a><\/li>\n<\/ul>\n\n\n\n<p>O PL anunciou rompimento pol\u00edtico com o governador do Distrito Federal, Ibaneis Rocha, e protocolou pedido de CPI na C\u00e2mara Legislativa para investigar as opera\u00e7\u00f5es envolvendo o Banco Master e o BRB. A iniciativa foi liderada pela deputada federal Bia Kicis, ao lado de Alberto Fraga e parlamentares distritais do partido. \u201cQuando aparecem ind\u00edcios graves de desvio de recursos, temos obriga\u00e7\u00e3o de agir\u201d, afirmou Kicis.<\/p>\n\n\n\n<p>A decis\u00e3o ganhou for\u00e7a ap\u00f3s a revela\u00e7\u00e3o de um contrato de R$ 38,1 milh\u00f5es entre o escrit\u00f3rio de advocacia de Ibaneis e o fundo Reag Legal Claims, gestora apontada pela Pol\u00edcia Federal como pe\u00e7a central no esquema investigado. O governador sustenta que est\u00e1 afastado do escrit\u00f3rio desde 2018 e nega conhecimento sobre as opera\u00e7\u00f5es.<\/p>\n\n\n\n<p>Nos bastidores, o partido j\u00e1 avaliava rever o apoio ao governador antes mesmo do esc\u00e2ndalo. Com a nova crise, a estrat\u00e9gia passa a considerar o apoio \u00e0 vice-governadora Celina Le\u00e3o para o governo do DF, enquanto nomes ligados ao campo conservador, como Bia Kicis e Michelle Bolsonaro, aparecem como poss\u00edveis candidaturas ao Senado.<\/p>\n\n\n\n<p>A tens\u00e3o aumentou ap\u00f3s a C\u00e2mara do DF aprovar um aporte no BRB para cobrir preju\u00edzos ligados \u00e0s opera\u00e7\u00f5es com o Banco Master. A vota\u00e7\u00e3o terminou em 14 a 10 e exp\u00f4s divis\u00f5es at\u00e9 entre aliados do governo. Paralelamente, parlamentares protocolaram pedidos de investiga\u00e7\u00e3o e press\u00f5es pol\u00edticas que podem ampliar o desgaste do governador nas pr\u00f3ximas semanas.<\/p>\n","protected":false},"excerpt":{"rendered":"<p>Foto por \u00a9 Marcello Casal Jr \/ Ag\u00eancia Brasil Movimento do partido amplia crise pol\u00edtica e pressiona governo local ap\u00f3s&hellip;<\/p>\n","protected":false},"author":1,"featured_media":9379,"comment_status":"open","ping_status":"open","sticky":false,"template":"","format":"standard","meta":{"footnotes":""},"categories":[1],"tags":[],"class_list":["post-9378","post","type-post","status-publish","format-standard","has-post-thumbnail","hentry","category-uncategorized"],"_links":{"self":[{"href":"https:\/\/suanoticiaaqui.com.br\/news\/wp-json\/wp\/v2\/posts\/9378","targetHints":{"allow":["GET"]}}],"collection":[{"href":"https:\/\/suanoticiaaqui.com.br\/news\/wp-json\/wp\/v2\/posts"}],"about":[{"href":"https:\/\/suanoticiaaqui.com.br\/news\/wp-json\/wp\/v2\/types\/post"}],"author":[{"embeddable":true,"href":"https:\/\/suanoticiaaqui.com.br\/news\/wp-json\/wp\/v2\/users\/1"}],"replies":[{"embeddable":true,"href":"https:\/\/suanoticiaaqui.com.br\/news\/wp-json\/wp\/v2\/comments?post=9378"}],"version-history":[{"count":1,"href":"https:\/\/suanoticiaaqui.com.br\/news\/wp-json\/wp\/v2\/posts\/9378\/revisions"}],"predecessor-version":[{"id":9380,"href":"https:\/\/suanoticiaaqui.com.br\/news\/wp-json\/wp\/v2\/posts\/9378\/revisions\/9380"}],"wp:featuredmedia":[{"embeddable":true,"href":"https:\/\/suanoticiaaqui.com.br\/news\/wp-json\/wp\/v2\/media\/9379"}],"wp:attachment":[{"href":"https:\/\/suanoticiaaqui.com.br\/news\/wp-json\/wp\/v2\/media?parent=9378"}],"wp:term":[{"taxonomy":"category","embeddable":true,"href":"https:\/\/suanoticiaaqui.com.br\/news\/wp-json\/wp\/v2\/categories?post=9378"},{"taxonomy":"post_tag","embeddable":true,"href":"https:\/\/suanoticiaaqui.com.br\/news\/wp-json\/wp\/v2\/tags?post=9378"}],"curies":[{"name":"wp","href":"https:\/\/api.w.org\/{rel}","templated":true}]}}