{"id":9381,"date":"2026-03-12T14:18:53","date_gmt":"2026-03-12T18:18:53","guid":{"rendered":"https:\/\/suanoticiaaqui.com.br\/news\/?p=9381"},"modified":"2026-03-12T14:18:53","modified_gmt":"2026-03-12T18:18:53","slug":"moraes-autoriza-visita-de-assessor-de-trump-a-bolsonaro-em-brasilia","status":"publish","type":"post","link":"https:\/\/suanoticiaaqui.com.br\/news\/2026\/03\/12\/moraes-autoriza-visita-de-assessor-de-trump-a-bolsonaro-em-brasilia\/","title":{"rendered":"Moraes autoriza visita de assessor de Trump a Bolsonaro em Bras\u00edlia"},"content":{"rendered":"\n<p>Foto por \u00a9 Arquivo\/Marcelo Camargo\/Ag\u00eancia Brasil<\/p>\n\n\n\n<p>Encontro foi marcado para 18 de mar\u00e7o na Papuda e dever\u00e1 ocorrer entre 8h e 10h<\/p>\n\n\n\n<ul class=\"wp-block-list\">\n<li><a href=\"https:\/\/bradockshow.com.br\/author\/marcotoledo\/\"><\/a>por <a href=\"https:\/\/bradockshow.com.br\/author\/marcotoledo\/\">Marco Toledo<\/a><\/li>\n<\/ul>\n\n\n\n<p>O ministro Alexandre de Moraes autorizou a visita do assessor s\u00eanior do governo do presidente Donald Trump, Darren Beattie, ao ex-presidente Jair Bolsonaro. O encontro foi marcado para o dia 18 de mar\u00e7o, entre 8h e 10h, na unidade prisional da Papuda, em Bras\u00edlia.<\/p>\n\n\n\n<p>A defesa de Bolsonaro havia solicitado que a visita ocorresse nos dias 16 ou 17 de mar\u00e7o, mas Moraes definiu a data para o dia 18. Na decis\u00e3o, o ministro afirmou que \u201cos visitantes devem se adequar ao regime legal do estabelecimento prisional e n\u00e3o o contr\u00e1rio\u201d. Segundo o despacho, Beattie poder\u00e1 estar acompanhado de um int\u00e9rprete, desde que a presen\u00e7a seja informada previamente \u00e0s autoridades.<\/p>\n\n\n\n<p>A autoriza\u00e7\u00e3o ocorre em meio a tens\u00f5es pol\u00edticas envolvendo declara\u00e7\u00f5es p\u00fablicas de Beattie sobre o ministro do Supremo. O assessor norte-americano j\u00e1 classificou Moraes como respons\u00e1vel por pr\u00e1ticas de censura e persegui\u00e7\u00e3o pol\u00edtica no Brasil. Apesar disso, o magistrado decidiu permitir a visita solicitada pela defesa.<\/p>\n\n\n\n<p>A agenda acontece na mesma semana em que Beattie participar\u00e1 de um evento sobre minerais cr\u00edticos em S\u00e3o Paulo. Nos Estados Unidos, tamb\u00e9m cresce o debate sobre a poss\u00edvel classifica\u00e7\u00e3o de fac\u00e7\u00f5es brasileiras como organiza\u00e7\u00f5es terroristas estrangeiras, tema que tem repercutido nas rela\u00e7\u00f5es diplom\u00e1ticas entre os dois pa\u00edses.<\/p>\n","protected":false},"excerpt":{"rendered":"<p>Foto por \u00a9 Arquivo\/Marcelo Camargo\/Ag\u00eancia Brasil Encontro foi marcado para 18 de mar\u00e7o na Papuda e dever\u00e1 ocorrer entre 8h&hellip;<\/p>\n","protected":false},"author":1,"featured_media":9382,"comment_status":"open","ping_status":"open","sticky":false,"template":"","format":"standard","meta":{"footnotes":""},"categories":[1],"tags":[],"class_list":["post-9381","post","type-post","status-publish","format-standard","has-post-thumbnail","hentry","category-uncategorized"],"_links":{"self":[{"href":"https:\/\/suanoticiaaqui.com.br\/news\/wp-json\/wp\/v2\/posts\/9381","targetHints":{"allow":["GET"]}}],"collection":[{"href":"https:\/\/suanoticiaaqui.com.br\/news\/wp-json\/wp\/v2\/posts"}],"about":[{"href":"https:\/\/suanoticiaaqui.com.br\/news\/wp-json\/wp\/v2\/types\/post"}],"author":[{"embeddable":true,"href":"https:\/\/suanoticiaaqui.com.br\/news\/wp-json\/wp\/v2\/users\/1"}],"replies":[{"embeddable":true,"href":"https:\/\/suanoticiaaqui.com.br\/news\/wp-json\/wp\/v2\/comments?post=9381"}],"version-history":[{"count":1,"href":"https:\/\/suanoticiaaqui.com.br\/news\/wp-json\/wp\/v2\/posts\/9381\/revisions"}],"predecessor-version":[{"id":9383,"href":"https:\/\/suanoticiaaqui.com.br\/news\/wp-json\/wp\/v2\/posts\/9381\/revisions\/9383"}],"wp:featuredmedia":[{"embeddable":true,"href":"https:\/\/suanoticiaaqui.com.br\/news\/wp-json\/wp\/v2\/media\/9382"}],"wp:attachment":[{"href":"https:\/\/suanoticiaaqui.com.br\/news\/wp-json\/wp\/v2\/media?parent=9381"}],"wp:term":[{"taxonomy":"category","embeddable":true,"href":"https:\/\/suanoticiaaqui.com.br\/news\/wp-json\/wp\/v2\/categories?post=9381"},{"taxonomy":"post_tag","embeddable":true,"href":"https:\/\/suanoticiaaqui.com.br\/news\/wp-json\/wp\/v2\/tags?post=9381"}],"curies":[{"name":"wp","href":"https:\/\/api.w.org\/{rel}","templated":true}]}}