{"id":9384,"date":"2026-03-12T14:20:37","date_gmt":"2026-03-12T18:20:37","guid":{"rendered":"https:\/\/suanoticiaaqui.com.br\/news\/?p=9384"},"modified":"2026-03-12T14:20:37","modified_gmt":"2026-03-12T18:20:37","slug":"operacao-mira-estrutura-do-comando-vermelho-e-prende-vereador-no-rio","status":"publish","type":"post","link":"https:\/\/suanoticiaaqui.com.br\/news\/2026\/03\/12\/operacao-mira-estrutura-do-comando-vermelho-e-prende-vereador-no-rio\/","title":{"rendered":"Opera\u00e7\u00e3o mira estrutura do Comando Vermelho e prende vereador no Rio"},"content":{"rendered":"\n<p>Foto por \u00a9 T\u00e2nia Rego\/Arquivo\/Ag\u00eancia Brasil<\/p>\n\n\n\n<p>Pol\u00edcia investiga poss\u00edvel rela\u00e7\u00e3o pol\u00edtica com fac\u00e7\u00e3o criminosa<\/p>\n\n\n\n<ul class=\"wp-block-list\">\n<li><a href=\"https:\/\/bradockshow.com.br\/author\/marcotoledo\/\"><\/a>por <a href=\"https:\/\/bradockshow.com.br\/author\/marcotoledo\/\">Marco Toledo<\/a><\/li>\n<\/ul>\n\n\n\n<p>A Pol\u00edcia Civil do Rio de Janeiro deflagrou nesta quarta-feira a Opera\u00e7\u00e3o Conten\u00e7\u00e3o Red Legacy, voltada ao combate \u00e0 estrutura nacional do Comando Vermelho. A a\u00e7\u00e3o resultou na pris\u00e3o de seis pessoas, entre elas o vereador Salvino Oliveira. Segundo os investigadores, o parlamentar \u00e9 suspeito de ter buscado autoriza\u00e7\u00e3o de integrantes da fac\u00e7\u00e3o para realizar campanha eleitoral na regi\u00e3o da Gard\u00eania Azul, \u00e1rea onde o grupo exerce influ\u00eancia.<\/p>\n\n\n\n<p>De acordo com a apura\u00e7\u00e3o policial, o contato teria ocorrido com um traficante conhecido como \u201cDoca\u201d. A investiga\u00e7\u00e3o aponta que o vereador teria tentado negociar condi\u00e7\u00f5es para circular politicamente na \u00e1rea durante o per\u00edodo eleitoral. As circunst\u00e2ncias e eventuais contrapartidas ainda s\u00e3o analisadas no inqu\u00e9rito.<\/p>\n\n\n\n<p>Durante a opera\u00e7\u00e3o, os investigadores tamb\u00e9m mencionaram ind\u00edcios de coopera\u00e7\u00e3o entre o Comando Vermelho e o Primeiro Comando da Capital. A pol\u00edcia afirma ainda que Marcinho VP, preso h\u00e1 d\u00e9cadas, \u00e9 apontado como integrante de um n\u00facleo de lideran\u00e7a da fac\u00e7\u00e3o.<\/p>\n\n\n\n<p>Outros dois investigados, M\u00e1rcia Gama e Landerson, s\u00e3o considerados foragidos. Segundo a pol\u00edcia, eles seriam suspeitos de atuar como intermedi\u00e1rios externos na comunica\u00e7\u00e3o da organiza\u00e7\u00e3o criminosa. O caso segue sob investiga\u00e7\u00e3o.<\/p>\n","protected":false},"excerpt":{"rendered":"<p>Foto por \u00a9 T\u00e2nia Rego\/Arquivo\/Ag\u00eancia Brasil Pol\u00edcia investiga poss\u00edvel rela\u00e7\u00e3o pol\u00edtica com fac\u00e7\u00e3o criminosa A Pol\u00edcia Civil do Rio de&hellip;<\/p>\n","protected":false},"author":1,"featured_media":9385,"comment_status":"open","ping_status":"open","sticky":false,"template":"","format":"standard","meta":{"footnotes":""},"categories":[1],"tags":[],"class_list":["post-9384","post","type-post","status-publish","format-standard","has-post-thumbnail","hentry","category-uncategorized"],"_links":{"self":[{"href":"https:\/\/suanoticiaaqui.com.br\/news\/wp-json\/wp\/v2\/posts\/9384","targetHints":{"allow":["GET"]}}],"collection":[{"href":"https:\/\/suanoticiaaqui.com.br\/news\/wp-json\/wp\/v2\/posts"}],"about":[{"href":"https:\/\/suanoticiaaqui.com.br\/news\/wp-json\/wp\/v2\/types\/post"}],"author":[{"embeddable":true,"href":"https:\/\/suanoticiaaqui.com.br\/news\/wp-json\/wp\/v2\/users\/1"}],"replies":[{"embeddable":true,"href":"https:\/\/suanoticiaaqui.com.br\/news\/wp-json\/wp\/v2\/comments?post=9384"}],"version-history":[{"count":1,"href":"https:\/\/suanoticiaaqui.com.br\/news\/wp-json\/wp\/v2\/posts\/9384\/revisions"}],"predecessor-version":[{"id":9386,"href":"https:\/\/suanoticiaaqui.com.br\/news\/wp-json\/wp\/v2\/posts\/9384\/revisions\/9386"}],"wp:featuredmedia":[{"embeddable":true,"href":"https:\/\/suanoticiaaqui.com.br\/news\/wp-json\/wp\/v2\/media\/9385"}],"wp:attachment":[{"href":"https:\/\/suanoticiaaqui.com.br\/news\/wp-json\/wp\/v2\/media?parent=9384"}],"wp:term":[{"taxonomy":"category","embeddable":true,"href":"https:\/\/suanoticiaaqui.com.br\/news\/wp-json\/wp\/v2\/categories?post=9384"},{"taxonomy":"post_tag","embeddable":true,"href":"https:\/\/suanoticiaaqui.com.br\/news\/wp-json\/wp\/v2\/tags?post=9384"}],"curies":[{"name":"wp","href":"https:\/\/api.w.org\/{rel}","templated":true}]}}