{"id":9387,"date":"2026-03-12T14:21:41","date_gmt":"2026-03-12T18:21:41","guid":{"rendered":"https:\/\/suanoticiaaqui.com.br\/news\/?p=9387"},"modified":"2026-03-12T14:21:41","modified_gmt":"2026-03-12T18:21:41","slug":"campeao-de-rodeio-de-ms-e-encontrado-morto-em-area-de-mata-no-paraguai","status":"publish","type":"post","link":"https:\/\/suanoticiaaqui.com.br\/news\/2026\/03\/12\/campeao-de-rodeio-de-ms-e-encontrado-morto-em-area-de-mata-no-paraguai\/","title":{"rendered":"Campe\u00e3o de rodeio de MS \u00e9 encontrado morto em \u00e1rea de mata no Paraguai"},"content":{"rendered":"\n<p>Rodrigo estava desaparecido desde outubro de 2025 (Foto: Divulga\u00e7\u00e3o)<\/p>\n\n\n\n<ul class=\"wp-block-list\">\n<li>por Luiz Guilherme<\/li>\n<\/ul>\n\n\n\n<p>O corpo do campe\u00e3o de rodeio de Mato Grosso do Sul, Rodrigo Fel\u00edcio Papit, conhecido no circuito como &#8220;Carca\u00e7a&#8221;, foi encontrado morto na segunda-feira (9\/3), em uma \u00e1rea de mata no munic\u00edpio paraguaio de Capit\u00e1n Bado, na fronteira com a cidade sul-mato-grossense de Coronel Sapucaia.<\/p>\n\n\n\n<p>Os restos mortais de Rodrigo foram reconhecidos por parentes que estiveram no local da descoberta e a identifica\u00e7\u00e3o foi facilitade devido a presen\u00e7a de objetos pessoais da v\u00edtima, como celular e a fivela do cinto que ele usava no dia em que desapareceu.<\/p>\n\n\n\n<p>Rodrigo Fel\u00edcio Papait estava desaparecido desde o dia 23 de outubro, quando participava de uma pescaria em uma fazenda na regi\u00e3o de Capit\u00e1n Bado, acompanhado de amigos.<\/p>\n\n\n\n<p>Segundo relatos das pessoas que estavam com ele, o pe\u00e3o teria sofrido um surto repentino durante a atividade e, ap\u00f3s o epis\u00f3dio, adentrou em uma \u00e1rea de mata densa n\u00e3o sendo mais visto at\u00e9 ent\u00e3o.<\/p>\n\n\n\n<p>A fam\u00edlia do campe\u00e3o de rodeio, que mora em Ponta Por\u00e3, mobilizou intensamente as redes sociais e as autoridades da regi\u00e3o de fronteira, realizando apelos p\u00fablicos por qualquer informa\u00e7\u00e3o que pudesse levar ao paradeiro do atleta.<\/p>\n\n\n\n<p>O corpo do rapaz foi liberado a autoridades e transladado para Ponta Por\u00e3. O caso segue sob acompanhamento das autoridades de ambos os lados da fronteira.<\/p>\n","protected":false},"excerpt":{"rendered":"<p>Rodrigo estava desaparecido desde outubro de 2025 (Foto: Divulga\u00e7\u00e3o) O corpo do campe\u00e3o de rodeio de Mato Grosso do Sul,&hellip;<\/p>\n","protected":false},"author":1,"featured_media":9388,"comment_status":"open","ping_status":"open","sticky":false,"template":"","format":"standard","meta":{"footnotes":""},"categories":[1],"tags":[],"class_list":["post-9387","post","type-post","status-publish","format-standard","has-post-thumbnail","hentry","category-uncategorized"],"_links":{"self":[{"href":"https:\/\/suanoticiaaqui.com.br\/news\/wp-json\/wp\/v2\/posts\/9387","targetHints":{"allow":["GET"]}}],"collection":[{"href":"https:\/\/suanoticiaaqui.com.br\/news\/wp-json\/wp\/v2\/posts"}],"about":[{"href":"https:\/\/suanoticiaaqui.com.br\/news\/wp-json\/wp\/v2\/types\/post"}],"author":[{"embeddable":true,"href":"https:\/\/suanoticiaaqui.com.br\/news\/wp-json\/wp\/v2\/users\/1"}],"replies":[{"embeddable":true,"href":"https:\/\/suanoticiaaqui.com.br\/news\/wp-json\/wp\/v2\/comments?post=9387"}],"version-history":[{"count":1,"href":"https:\/\/suanoticiaaqui.com.br\/news\/wp-json\/wp\/v2\/posts\/9387\/revisions"}],"predecessor-version":[{"id":9389,"href":"https:\/\/suanoticiaaqui.com.br\/news\/wp-json\/wp\/v2\/posts\/9387\/revisions\/9389"}],"wp:featuredmedia":[{"embeddable":true,"href":"https:\/\/suanoticiaaqui.com.br\/news\/wp-json\/wp\/v2\/media\/9388"}],"wp:attachment":[{"href":"https:\/\/suanoticiaaqui.com.br\/news\/wp-json\/wp\/v2\/media?parent=9387"}],"wp:term":[{"taxonomy":"category","embeddable":true,"href":"https:\/\/suanoticiaaqui.com.br\/news\/wp-json\/wp\/v2\/categories?post=9387"},{"taxonomy":"post_tag","embeddable":true,"href":"https:\/\/suanoticiaaqui.com.br\/news\/wp-json\/wp\/v2\/tags?post=9387"}],"curies":[{"name":"wp","href":"https:\/\/api.w.org\/{rel}","templated":true}]}}