{"id":9390,"date":"2026-03-12T14:47:28","date_gmt":"2026-03-12T18:47:28","guid":{"rendered":"https:\/\/suanoticiaaqui.com.br\/news\/?p=9390"},"modified":"2026-03-12T14:47:28","modified_gmt":"2026-03-12T18:47:28","slug":"planalto-busca-articulacao-regional-apos-debate-nos-eua-sobre-faccoes-brasileiras","status":"publish","type":"post","link":"https:\/\/suanoticiaaqui.com.br\/news\/2026\/03\/12\/planalto-busca-articulacao-regional-apos-debate-nos-eua-sobre-faccoes-brasileiras\/","title":{"rendered":"Planalto busca articula\u00e7\u00e3o regional ap\u00f3s debate nos EUA sobre fac\u00e7\u00f5es brasileiras"},"content":{"rendered":"\n<p>Foto por \u00a9 Fabio Rodrigues Pozzebom\/Ag\u00eancia Brasil<br><\/p>\n\n\n\n<p>Contato entre Lula e Petro ocorre em meio a discuss\u00f5es sobre poss\u00edvel classifica\u00e7\u00e3o de grupos criminosos<\/p>\n\n\n\n<ul class=\"wp-block-list\">\n<li><a href=\"https:\/\/bradockshow.com.br\/author\/marcotoledo\/\"><\/a>por <a href=\"https:\/\/bradockshow.com.br\/author\/marcotoledo\/\">Marco Toledo<\/a><\/li>\n<\/ul>\n\n\n\n<p>O presidente Luiz In\u00e1cio Lula da Silva fez contato telef\u00f4nico com o presidente da Col\u00f4mbia, Gustavo Petro, em meio ao debate nos Estados Unidos sobre a possibilidade de classificar o Comando Vermelho e o Primeiro Comando da Capital como organiza\u00e7\u00f5es terroristas estrangeiras. A informa\u00e7\u00e3o foi divulgada pelo portal Metr\u00f3poles.<\/p>\n\n\n\n<p>Segundo a reportagem, a conversa ocorreu em meio a preocupa\u00e7\u00f5es no governo brasileiro sobre eventuais repercuss\u00f5es diplom\u00e1ticas e de seguran\u00e7a decorrentes dessa discuss\u00e3o em Washington. Caso a classifica\u00e7\u00e3o avance, especialistas apontam que a medida pode ampliar instrumentos legais utilizados pelos Estados Unidos no combate internacional ao crime organizado.<\/p>\n\n\n\n<p>Nos \u00faltimos dias, Lula tamb\u00e9m manteve di\u00e1logo com a presidente do M\u00e9xico, Claudia Sheinbaum, tratando de temas ligados \u00e0 energia e ao cen\u00e1rio internacional. Paralelamente, autoridades brasileiras acompanham com aten\u00e7\u00e3o o debate nos EUA e seus poss\u00edveis impactos nas rela\u00e7\u00f5es entre os pa\u00edses.<\/p>\n\n\n\n<p>O tema voltou ao centro das discuss\u00f5es ap\u00f3s opera\u00e7\u00f5es policiais recentes no Brasil que investigam a atua\u00e7\u00e3o e a estrutura de fac\u00e7\u00f5es criminosas. Autoridades brasileiras t\u00eam reiterado que o enfrentamento ao crime organizado seguir\u00e1 dentro das normas legais e da coopera\u00e7\u00e3o internacional existente.<\/p>\n","protected":false},"excerpt":{"rendered":"<p>Foto por \u00a9 Fabio Rodrigues Pozzebom\/Ag\u00eancia Brasil Contato entre Lula e Petro ocorre em meio a discuss\u00f5es sobre poss\u00edvel classifica\u00e7\u00e3o&hellip;<\/p>\n","protected":false},"author":1,"featured_media":9391,"comment_status":"open","ping_status":"open","sticky":false,"template":"","format":"standard","meta":{"footnotes":""},"categories":[1],"tags":[],"class_list":["post-9390","post","type-post","status-publish","format-standard","has-post-thumbnail","hentry","category-uncategorized"],"_links":{"self":[{"href":"https:\/\/suanoticiaaqui.com.br\/news\/wp-json\/wp\/v2\/posts\/9390","targetHints":{"allow":["GET"]}}],"collection":[{"href":"https:\/\/suanoticiaaqui.com.br\/news\/wp-json\/wp\/v2\/posts"}],"about":[{"href":"https:\/\/suanoticiaaqui.com.br\/news\/wp-json\/wp\/v2\/types\/post"}],"author":[{"embeddable":true,"href":"https:\/\/suanoticiaaqui.com.br\/news\/wp-json\/wp\/v2\/users\/1"}],"replies":[{"embeddable":true,"href":"https:\/\/suanoticiaaqui.com.br\/news\/wp-json\/wp\/v2\/comments?post=9390"}],"version-history":[{"count":1,"href":"https:\/\/suanoticiaaqui.com.br\/news\/wp-json\/wp\/v2\/posts\/9390\/revisions"}],"predecessor-version":[{"id":9392,"href":"https:\/\/suanoticiaaqui.com.br\/news\/wp-json\/wp\/v2\/posts\/9390\/revisions\/9392"}],"wp:featuredmedia":[{"embeddable":true,"href":"https:\/\/suanoticiaaqui.com.br\/news\/wp-json\/wp\/v2\/media\/9391"}],"wp:attachment":[{"href":"https:\/\/suanoticiaaqui.com.br\/news\/wp-json\/wp\/v2\/media?parent=9390"}],"wp:term":[{"taxonomy":"category","embeddable":true,"href":"https:\/\/suanoticiaaqui.com.br\/news\/wp-json\/wp\/v2\/categories?post=9390"},{"taxonomy":"post_tag","embeddable":true,"href":"https:\/\/suanoticiaaqui.com.br\/news\/wp-json\/wp\/v2\/tags?post=9390"}],"curies":[{"name":"wp","href":"https:\/\/api.w.org\/{rel}","templated":true}]}}