{"id":9405,"date":"2026-03-12T15:10:02","date_gmt":"2026-03-12T19:10:02","guid":{"rendered":"https:\/\/suanoticiaaqui.com.br\/news\/?p=9405"},"modified":"2026-03-12T15:10:02","modified_gmt":"2026-03-12T19:10:02","slug":"cinco-pessoas-sao-presas-em-flagrante-com-quase-uma-tonelada-de-cocaina","status":"publish","type":"post","link":"https:\/\/suanoticiaaqui.com.br\/news\/2026\/03\/12\/cinco-pessoas-sao-presas-em-flagrante-com-quase-uma-tonelada-de-cocaina\/","title":{"rendered":"Cinco pessoas s\u00e3o presas em flagrante com quase uma tonelada de coca\u00edna"},"content":{"rendered":"\n<p>Tabletes e volumes de coca\u00edna apreendidos durante a a\u00e7\u00e3o policial; Foto: Divulga\u00e7\u00e3o\/PC<br><\/p>\n\n\n\n<ul class=\"wp-block-list\">\n<li>\u00a0Ligado Na Not\u00edcia<\/li>\n<\/ul>\n\n\n\n<p>Cinco pessoas foram presas por policiais civis do Garras (Delegacia Especializada de Repress\u00e3o a Roubos a Bancos, Assaltos e Sequestros) com 975 quilos de coca\u00edna, que estavam em uma oficina mec\u00e2nica localizada na Avenida Senhor do Bonfim, em Campo Grande.<\/p>\n\n\n\n<p>Esta apreens\u00e3o, segundo a pol\u00edcia, \u00e9 uma das maiores j\u00e1 registrada em Mato Grosso do Sul.<\/p>\n\n\n\n<p>De acordo com informa\u00e7\u00f5es da PC (Pol\u00edcia Civil), os agentes foram informados de que na referida oficina ocorreria uma negocia\u00e7\u00e3o envolvendo grande quantidade de entorpecentes. Diante disso, as equipes passaram a monitorar o local.<\/p>\n\n\n\n<p>Durante as dilig\u00eancias, os policiais visualizaram homem de 42 anos deixando a oficina conduzindo um ve\u00edculo GM\/Celta, e passaram a segui-lo. Simultaneamente, outro ve\u00edculo Chevrolet S10, conduzido por outro indiv\u00edduo, de 39 anos, tamb\u00e9m deixou o estabelecimento, sendo igualmente monitorado pelos investigadores.<\/p>\n\n\n\n<p>Os ve\u00edculos deslocaram-se at\u00e9 o estacionamento de um supermercado atacadista localizado na sa\u00edda para Cuiab\u00e1 (MT). No local, o condutor do ve\u00edculo Celta passou a circular pelo estacionamento de maneira suspeita, aparentando aguardar contato para realiza\u00e7\u00e3o da negocia\u00e7\u00e3o il\u00edcita.<\/p>\n\n\n\n<p>Ent\u00e3o foi realizada abordagem policial e no interior do carro os policiais encontraram um inv\u00f3lucro com 0,6 gramas de pasta base de coca\u00edna, possivelmente utilizado como amostra para negocia\u00e7\u00e3o da droga.<\/p>\n\n\n\n<p>Paralelamente, outra equipe realizou a abordagem de um ve\u00edculo Toyota Etios, conduzido por um homem de 38 anos e que tinha outro de 25 como passageiro. Durante as buscas no autom\u00f3vel foram localizados tr\u00eas tabletes de pasta base de coca\u00edna, totalizando aproximadamente 3,2 quilos.<\/p>\n\n\n\n<p>Diante da situa\u00e7\u00e3o de flagrante, os indiv\u00edduos foram conduzidos \u00e0 Delegacia de Pol\u00edcia para continuidade das dilig\u00eancias e j\u00e1 na unidade, um dos detidos manifestou interesse em colaborar com as investiga\u00e7\u00f5es, informando que havia grande quantidade de entorpecentes armazenada em sua resid\u00eancia.<\/p>\n\n\n\n<p>Os investigadores foram at\u00e9 o im\u00f3vel indicado e apreenderam 614 volumes de coca\u00edna, entre tabletes e volumes embalados, que ap\u00f3s pesagem preliminar totalizaram aproximadamente 975 quilos.<\/p>\n\n\n\n<p>No mesmo contexto tamb\u00e9m foram apreendidos ve\u00edculos utilizados na log\u00edstica do tr\u00e1fico, incluindo uma caminhonete Nissan Frontier, que possu\u00eda registro de furto\/roubo, sendo utilizada para o transporte do entorpecente.<\/p>\n\n\n\n<p>Todos os presos foram autuados em flagrante pelos crimes de tr\u00e1fico de drogas e associa\u00e7\u00e3o para o tr\u00e1fico, sendo apresentados na unidade policial juntamente com os entorpecentes, ve\u00edculos e demais objetos apreendidos, para ado\u00e7\u00e3o das provid\u00eancias legais cab\u00edveis.<\/p>\n","protected":false},"excerpt":{"rendered":"<p>Tabletes e volumes de coca\u00edna apreendidos durante a a\u00e7\u00e3o policial; Foto: Divulga\u00e7\u00e3o\/PC Cinco pessoas foram presas por policiais civis do&hellip;<\/p>\n","protected":false},"author":1,"featured_media":9406,"comment_status":"open","ping_status":"open","sticky":false,"template":"","format":"standard","meta":{"footnotes":""},"categories":[1],"tags":[],"class_list":["post-9405","post","type-post","status-publish","format-standard","has-post-thumbnail","hentry","category-uncategorized"],"_links":{"self":[{"href":"https:\/\/suanoticiaaqui.com.br\/news\/wp-json\/wp\/v2\/posts\/9405","targetHints":{"allow":["GET"]}}],"collection":[{"href":"https:\/\/suanoticiaaqui.com.br\/news\/wp-json\/wp\/v2\/posts"}],"about":[{"href":"https:\/\/suanoticiaaqui.com.br\/news\/wp-json\/wp\/v2\/types\/post"}],"author":[{"embeddable":true,"href":"https:\/\/suanoticiaaqui.com.br\/news\/wp-json\/wp\/v2\/users\/1"}],"replies":[{"embeddable":true,"href":"https:\/\/suanoticiaaqui.com.br\/news\/wp-json\/wp\/v2\/comments?post=9405"}],"version-history":[{"count":1,"href":"https:\/\/suanoticiaaqui.com.br\/news\/wp-json\/wp\/v2\/posts\/9405\/revisions"}],"predecessor-version":[{"id":9407,"href":"https:\/\/suanoticiaaqui.com.br\/news\/wp-json\/wp\/v2\/posts\/9405\/revisions\/9407"}],"wp:featuredmedia":[{"embeddable":true,"href":"https:\/\/suanoticiaaqui.com.br\/news\/wp-json\/wp\/v2\/media\/9406"}],"wp:attachment":[{"href":"https:\/\/suanoticiaaqui.com.br\/news\/wp-json\/wp\/v2\/media?parent=9405"}],"wp:term":[{"taxonomy":"category","embeddable":true,"href":"https:\/\/suanoticiaaqui.com.br\/news\/wp-json\/wp\/v2\/categories?post=9405"},{"taxonomy":"post_tag","embeddable":true,"href":"https:\/\/suanoticiaaqui.com.br\/news\/wp-json\/wp\/v2\/tags?post=9405"}],"curies":[{"name":"wp","href":"https:\/\/api.w.org\/{rel}","templated":true}]}}