{"id":9408,"date":"2026-03-12T17:16:11","date_gmt":"2026-03-12T21:16:11","guid":{"rendered":"https:\/\/suanoticiaaqui.com.br\/news\/?p=9408"},"modified":"2026-03-12T17:16:11","modified_gmt":"2026-03-12T21:16:11","slug":"crise-do-banco-master-preocupa-stf-as-vesperas-das-eleicoes","status":"publish","type":"post","link":"https:\/\/suanoticiaaqui.com.br\/news\/2026\/03\/12\/crise-do-banco-master-preocupa-stf-as-vesperas-das-eleicoes\/","title":{"rendered":"Crise do Banco Master preocupa STF \u00e0s v\u00e9speras das elei\u00e7\u00f5es"},"content":{"rendered":"\n<p>por \u00a9 Fabio Rodrigues Pozzebom\/Ag\u00eancia Brasil<\/p>\n\n\n\n<p>Avalia\u00e7\u00e3o interna aponta temor de que esc\u00e2ndalo amplie press\u00e3o pol\u00edtica sobre o tribunal e influencie disputa pelo Senado<\/p>\n\n\n\n<ul class=\"wp-block-list\">\n<li><a href=\"https:\/\/bradockshow.com.br\/author\/marcotoledo\/\"><\/a>por <a href=\"https:\/\/bradockshow.com.br\/author\/marcotoledo\/\">Marco Toledo<\/a><\/li>\n<\/ul>\n\n\n\n<p>Reportagem da colunista Malu Gaspar, publicada em O Globo, revela que o ambiente no Supremo Tribunal Federal passou a ser marcado por apreens\u00e3o diante das repercuss\u00f5es pol\u00edticas do caso envolvendo o Banco Master. O ministro Edson Fachin avalia que a crise pode ultrapassar o campo jur\u00eddico e ganhar peso direto no cen\u00e1rio eleitoral.<\/p>\n\n\n\n<p>A preocupa\u00e7\u00e3o se intensifica porque dois ter\u00e7os das cadeiras do Senado Federal estar\u00e3o em disputa nas pr\u00f3ximas elei\u00e7\u00f5es. Nos bastidores, existe o receio de que o epis\u00f3dio fortale\u00e7a candidaturas que defendem maior enfrentamento institucional ao tribunal, sobretudo diante da exist\u00eancia de dezenas de pedidos de impeachment de ministros aguardando an\u00e1lise.<\/p>\n\n\n\n<p>Como resposta, Fachin defende a cria\u00e7\u00e3o de um c\u00f3digo de \u00e9tica inspirado em modelos internacionais, com regras de transpar\u00eancia sobre encontros e atividades patrocinadas por empres\u00e1rios. A proposta, entretanto, ainda n\u00e3o avan\u00e7ou. O tema est\u00e1 sob relatoria da ministra C\u00e1rmen L\u00facia, sem que reuni\u00f5es tenham sido realizadas at\u00e9 o momento, mantendo o debate em compasso de espera dentro da Corte.<\/p>\n","protected":false},"excerpt":{"rendered":"<p>por \u00a9 Fabio Rodrigues Pozzebom\/Ag\u00eancia Brasil Avalia\u00e7\u00e3o interna aponta temor de que esc\u00e2ndalo amplie press\u00e3o pol\u00edtica sobre o tribunal e&hellip;<\/p>\n","protected":false},"author":1,"featured_media":9409,"comment_status":"open","ping_status":"open","sticky":false,"template":"","format":"standard","meta":{"footnotes":""},"categories":[1],"tags":[],"class_list":["post-9408","post","type-post","status-publish","format-standard","has-post-thumbnail","hentry","category-uncategorized"],"_links":{"self":[{"href":"https:\/\/suanoticiaaqui.com.br\/news\/wp-json\/wp\/v2\/posts\/9408","targetHints":{"allow":["GET"]}}],"collection":[{"href":"https:\/\/suanoticiaaqui.com.br\/news\/wp-json\/wp\/v2\/posts"}],"about":[{"href":"https:\/\/suanoticiaaqui.com.br\/news\/wp-json\/wp\/v2\/types\/post"}],"author":[{"embeddable":true,"href":"https:\/\/suanoticiaaqui.com.br\/news\/wp-json\/wp\/v2\/users\/1"}],"replies":[{"embeddable":true,"href":"https:\/\/suanoticiaaqui.com.br\/news\/wp-json\/wp\/v2\/comments?post=9408"}],"version-history":[{"count":1,"href":"https:\/\/suanoticiaaqui.com.br\/news\/wp-json\/wp\/v2\/posts\/9408\/revisions"}],"predecessor-version":[{"id":9410,"href":"https:\/\/suanoticiaaqui.com.br\/news\/wp-json\/wp\/v2\/posts\/9408\/revisions\/9410"}],"wp:featuredmedia":[{"embeddable":true,"href":"https:\/\/suanoticiaaqui.com.br\/news\/wp-json\/wp\/v2\/media\/9409"}],"wp:attachment":[{"href":"https:\/\/suanoticiaaqui.com.br\/news\/wp-json\/wp\/v2\/media?parent=9408"}],"wp:term":[{"taxonomy":"category","embeddable":true,"href":"https:\/\/suanoticiaaqui.com.br\/news\/wp-json\/wp\/v2\/categories?post=9408"},{"taxonomy":"post_tag","embeddable":true,"href":"https:\/\/suanoticiaaqui.com.br\/news\/wp-json\/wp\/v2\/tags?post=9408"}],"curies":[{"name":"wp","href":"https:\/\/api.w.org\/{rel}","templated":true}]}}