{"id":9418,"date":"2026-03-13T10:21:35","date_gmt":"2026-03-13T14:21:35","guid":{"rendered":"https:\/\/suanoticiaaqui.com.br\/news\/?p=9418"},"modified":"2026-03-13T10:21:35","modified_gmt":"2026-03-13T14:21:35","slug":"embaixador-do-japao-estara-em-dourados-para-o-bunkyo-rural-diz-marcal","status":"publish","type":"post","link":"https:\/\/suanoticiaaqui.com.br\/news\/2026\/03\/13\/embaixador-do-japao-estara-em-dourados-para-o-bunkyo-rural-diz-marcal\/","title":{"rendered":"Embaixador do Jap\u00e3o estar\u00e1 em Dourados para o Bunkyo Rural, diz Mar\u00e7al"},"content":{"rendered":"\n<p>Representantes da Sociedade Brasileira de Cultura Japonesa e de Assist\u00eancia Social estiveram reunidos com prefeito Mar\u00e7al Filho para debater o evento; Foto: Aparecido Frota<\/p>\n\n\n\n<ul class=\"wp-block-list\">\n<li>\u00a0por Ligado na Noticia<\/li>\n<\/ul>\n\n\n\n<p>O embaixador do Jap\u00e3o no Brasil, Noguchi Yasushi, estar\u00e1 em Dourados no m\u00eas de novembro e ser\u00e1 recebido pelo prefeito Mar\u00e7al Filho como h\u00f3spede oficial do munic\u00edpio. O an\u00fancio foi feito pelo prefeito durante reuni\u00e3o com membros da Sociedade Brasileira de Cultura Japonesa e Assist\u00eancia Social para conhecer os detalhes do Bunkyo Rural, importante evento voltado para o agroneg\u00f3cio que ser\u00e1 realizado entre 5 e 7 de novembro na sede campestre do Clube Nipo-Brasileiro de Dourados. \u201cSer\u00e1 uma honra receber o embaixador Noguchi Yasushi em nossa cidade, sobretudo porque temos uma forte influ\u00eancia japonesa gra\u00e7as aos imigrantes e seus familiares que vieram para o munic\u00edpio atra\u00eddos pela Col\u00f4nia Nacional Agr\u00edcola de Dourados\u201d, enfatizou Mar\u00e7al Filho.<\/p>\n\n\n\n<p>O Bunkyo Rural \u00e9 composto por diversas atra\u00e7\u00f5es voltadas para o agroneg\u00f3cio. A programa\u00e7\u00e3o est\u00e1 em fase de estrutura\u00e7\u00e3o e os organizadores, membros da Sociedade Brasileira de Cultura Japonesa e Assist\u00eancia Social, estiveram na manh\u00e3 desta quinta-feira (12) na Prefeitura de Dourados para apresentar o evento ao prefeito Mar\u00e7al Filho para a a\u00e7\u00e3o. \u201cSer\u00e1 uma honra receber o Bunkyo Rural, que j\u00e1 foi realizado nas mais importantes regi\u00f5es produtoras do pa\u00eds e agora chega para entregar cultura, inova\u00e7\u00e3o e tecnologia para o nosso agroneg\u00f3cio\u201d, ressaltou o prefeito.<\/p>\n\n\n\n<p>Durante o encontro, Mar\u00e7al Filho destacou a import\u00e2ncia da iniciativa para o desenvolvimento regional, considerando a relev\u00e2ncia do agroneg\u00f3cio para a economia local. \u201cDourados \u00e9 um polo muito forte do agroneg\u00f3cio, assim como os munic\u00edpios da regi\u00e3o\u201d, explicou. \u201cUm evento como esse \u00e9 extremamente importante para agregar conhecimento, promover a troca de experi\u00eancias e fortalecer oportunidades de neg\u00f3cios para quem atua no setor\u201d, ressaltou Mar\u00e7al Filho.<\/p>\n\n\n\n<p>Representando a Sociedade Brasileira de Cultura Japonesa e de Assist\u00eancia Social, Nelson Hitoshi Kamitsuji, explicou que o Bunkyo Rural dever\u00e1 reunir importantes nomes do agroneg\u00f3cio, al\u00e9m de autoridades de Mato Grosso do Sul e do Jap\u00e3o, refor\u00e7ando o interc\u00e2mbio de conhecimentos e o fortalecimento das rela\u00e7\u00f5es entre os dois pa\u00edses. \u201cAl\u00e9m de compartilhar conhecimento t\u00e9cnico e experi\u00eancias, o evento tamb\u00e9m contribui para aproximar as na\u00e7\u00f5es e abrir caminhos para novas parcerias e neg\u00f3cios, tanto que o embaixador Noguchi Yasushi estar\u00e1 presente\u201d, destacou.<\/p>\n\n\n\n<p>Outro ponto abordado durante a reuni\u00e3o foi a implanta\u00e7\u00e3o da Rota Bioce\u00e2nica em Mato Grosso do Sul, considerada estrat\u00e9gica para ampliar a log\u00edstica e fortalecer o com\u00e9rcio internacional, especialmente para o setor produtivo da regi\u00e3o. \u201cEssa nova rota vai promover ainda mais o desenvolvimento de Mato Grosso do Sul e dos Estados vizinhos, sobretudo porque reduz consideravelmente o tempo das viagens \u00e0 \u00c1sia atrav\u00e9s do oceano Pac\u00edfico, com a exporta\u00e7\u00f5es saindo de Porto Murtinho rumo aos portos chilenos de Antofagasta, Mejillones e Iquique\u201d, ressaltou o prefeito.<\/p>\n\n\n\n<p>Tamb\u00e9m presente no encontro, N\u00e9lio Kurimori, integrante da Sociedade de Cultura Japonesa e de Assist\u00eancia Social, ressaltou a import\u00e2ncia da uni\u00e3o de esfor\u00e7os entre as institui\u00e7\u00f5es e o poder p\u00fablico em benef\u00edcio da popula\u00e7\u00e3o. \u201cSabemos que o prefeito Mar\u00e7al Filho e sua equipe t\u00eam sido parceiros nas a\u00e7\u00f5es que visam o desenvolvimento da cidade e o bem-estar da popula\u00e7\u00e3o\u201d, ressaltou. \u201cTemos grande expectativa de que este encontro seja enriquecedor tanto para os participantes quanto para os neg\u00f3cios locais\u201d, afirmou N\u00e9lio Kurimori.<\/p>\n\n\n\n<p>A realiza\u00e7\u00e3o do Bunkyo Rural em Dourados refor\u00e7a o protagonismo do munic\u00edpio no agroneg\u00f3cio e evidencia a integra\u00e7\u00e3o entre tradi\u00e7\u00e3o, inova\u00e7\u00e3o e coopera\u00e7\u00e3o internacional.<\/p>\n","protected":false},"excerpt":{"rendered":"<p>Representantes da Sociedade Brasileira de Cultura Japonesa e de Assist\u00eancia Social estiveram reunidos com prefeito Mar\u00e7al Filho para debater o&hellip;<\/p>\n","protected":false},"author":1,"featured_media":9419,"comment_status":"open","ping_status":"open","sticky":false,"template":"","format":"standard","meta":{"footnotes":""},"categories":[1],"tags":[],"class_list":["post-9418","post","type-post","status-publish","format-standard","has-post-thumbnail","hentry","category-uncategorized"],"_links":{"self":[{"href":"https:\/\/suanoticiaaqui.com.br\/news\/wp-json\/wp\/v2\/posts\/9418","targetHints":{"allow":["GET"]}}],"collection":[{"href":"https:\/\/suanoticiaaqui.com.br\/news\/wp-json\/wp\/v2\/posts"}],"about":[{"href":"https:\/\/suanoticiaaqui.com.br\/news\/wp-json\/wp\/v2\/types\/post"}],"author":[{"embeddable":true,"href":"https:\/\/suanoticiaaqui.com.br\/news\/wp-json\/wp\/v2\/users\/1"}],"replies":[{"embeddable":true,"href":"https:\/\/suanoticiaaqui.com.br\/news\/wp-json\/wp\/v2\/comments?post=9418"}],"version-history":[{"count":1,"href":"https:\/\/suanoticiaaqui.com.br\/news\/wp-json\/wp\/v2\/posts\/9418\/revisions"}],"predecessor-version":[{"id":9420,"href":"https:\/\/suanoticiaaqui.com.br\/news\/wp-json\/wp\/v2\/posts\/9418\/revisions\/9420"}],"wp:featuredmedia":[{"embeddable":true,"href":"https:\/\/suanoticiaaqui.com.br\/news\/wp-json\/wp\/v2\/media\/9419"}],"wp:attachment":[{"href":"https:\/\/suanoticiaaqui.com.br\/news\/wp-json\/wp\/v2\/media?parent=9418"}],"wp:term":[{"taxonomy":"category","embeddable":true,"href":"https:\/\/suanoticiaaqui.com.br\/news\/wp-json\/wp\/v2\/categories?post=9418"},{"taxonomy":"post_tag","embeddable":true,"href":"https:\/\/suanoticiaaqui.com.br\/news\/wp-json\/wp\/v2\/tags?post=9418"}],"curies":[{"name":"wp","href":"https:\/\/api.w.org\/{rel}","templated":true}]}}