{"id":9427,"date":"2026-03-13T10:32:36","date_gmt":"2026-03-13T14:32:36","guid":{"rendered":"https:\/\/suanoticiaaqui.com.br\/news\/?p=9427"},"modified":"2026-03-13T10:32:36","modified_gmt":"2026-03-13T14:32:36","slug":"prefeitura-economizara-mais-de-r-6-milhoes-por-ano-ao-autorizar-concessao-do-aeroporto","status":"publish","type":"post","link":"https:\/\/suanoticiaaqui.com.br\/news\/2026\/03\/13\/prefeitura-economizara-mais-de-r-6-milhoes-por-ano-ao-autorizar-concessao-do-aeroporto\/","title":{"rendered":"Prefeitura economizar\u00e1 mais de R$ 6 milh\u00f5es por ano ao autorizar concess\u00e3o do aeroporto"},"content":{"rendered":"\n<p><a href=\"https:\/\/www.facebook.com\/sharer\/sharer.php?u=https:\/\/www.douradosnews.com.br\/dourados\/prefeitura-autoriza-concessao-do-aeroporto-e-vai-economizar-mais-de-r\/1276261\/&amp;title=Prefeitura%20economizar%C3%A1%20mais%20de%20R$%206%20milh%C3%B5es%20por%20ano%20ao%20autorizar%20concess%C3%A3o%20do%20aeroporto\" target=\"_blank\" rel=\"noreferrer noopener\"><\/a><a href=\"https:\/\/twitter.com\/intent\/tweet?&amp;text=Prefeitura%20economizar%C3%A1%20mais%20de%20R$%206%20milh%C3%B5es%20por%20ano%20ao%20autorizar%20concess%C3%A3o%20do%20aeroporto%20&amp;url=https:\/\/www.douradosnews.com.br\/dourados\/prefeitura-autoriza-concessao-do-aeroporto-e-vai-economizar-mais-de-r\/1276261\/\" target=\"_blank\" rel=\"noreferrer noopener\"><\/a><a href=\"https:\/\/www.douradosnews.com.br\/dourados\/prefeitura-autoriza-concessao-do-aeroporto-e-vai-economizar-mais-de-r\/1276261\/#comentar\"><\/a><a href=\"javascript:window.print();\"><\/a><a href=\"https:\/\/cdn.douradosnews.com.br\/img\/c\/780\/530\/dn_arquivo\/2026\/03\/voo-a320-claramds-78.jpeg\"><small>Atualmente, o munic\u00edpio mant\u00e9m contrato com a Infraero, que administra o local &#8211;\u00a0<strong>Cr\u00e9dito: Clara Medeiros\/Arquivo\/Dourados News<\/strong><\/small><\/a><\/p>\n\n\n\n<p>por Dourados News<\/p>\n\n\n\n<p>A Prefeitura de Dourados autorizou o Minist\u00e9rio dos Portos e Aeroportos a incluir o Aeroporto Regional Francisco de Matos Pereira no pacote de concess\u00f5es que foi lan\u00e7ado recentemente pelo governo federal. A assinatura da autoriza\u00e7\u00e3o, liberando o aeroporto para a concess\u00e3o federal, foi assinada ainda no ano passado pelo prefeito Mar\u00e7al Filho e ocorreu ap\u00f3s o in\u00edcio das opera\u00e7\u00f5es da Latam Airline, com voos ligando Dourados ao Aeroporto Internacional de Guarulhos, em S\u00e3o Paulo. A administra\u00e7\u00e3o do aeroporto \u00e9 responsabilidade exclusiva da Prefeitura de Dourados, que contratou a Empresa Brasileira de Infraestrutura Aeroportu\u00e1ria (Infraero) para fazer a gest\u00e3o.<\/p>\n\n\n\n<p>O prefeito Mar\u00e7al Filho fala sobre a iniciativa que vai gerar economia de mais de R$ 6 milh\u00f5es anuais para os cofres p\u00fablicos municipais. \u201cMinha miss\u00e3o e grande desafio do primeiro ano de gest\u00e3o era reativar os voos comerciais depois de mais de 4 anos de aeroporto fechado\u201d, enfatizou o prefeito. \u201cSuperado esse desafio, entendi que n\u00e3o faria sentido continuar gastando recursos do munic\u00edpio para manter o Aeroporto Regional, por isso autorizei a concess\u00e3o\u201d, completou.<\/p>\n\n\n\n<p>De acordo com o prefeito, ao descobrirem que as opera\u00e7\u00f5es no Aeroporto Regional de Dourados eram rent\u00e1veis, empresas concession\u00e1rias passaram a olhar para o munic\u00edpio com outros olhos. \u201cImportante salientar que a proposta de concess\u00e3o faz parte de um pacote que envolve o Aeroporto Internacional de Bras\u00edlia e que deixar\u00e1 todos os aeroportos de Mato Grosso do Sul em poder da iniciativa privada\u201d, ressalta. \u201cHoje, o Aeroporto Internacional de Campo Grande e o Aeroporto Internacional de Ponta Por\u00e3 j\u00e1 s\u00e3o concess\u00f5es e a proposta do governo federal \u00e9 passar os aeroportos de Dourados, Bonito e Tr\u00eas Lagoas tamb\u00e9m para a iniciativa privada\u201d, explica o prefeito. &nbsp;&nbsp;<\/p>\n\n\n\n<p>Al\u00e9m de passar a ser administrado por concession\u00e1ria com know-how nesse tipo de opera\u00e7\u00e3o, o que vai garantir melhorias para os passageiros, a concess\u00e3o vai gerar economia consider\u00e1vel aos cofres municipais. A Prefeitura de Dourados teve que usar R$ 3.901.959,34 em recursos pr\u00f3prios apenas para manter o contrato para a Infraero em 2025. Em janeiro, o munic\u00edpio gastou R$ 172.136,92 com pagamento para a Infraero, seguido por RS 193.450.89 em fevereiro; R$ 236.722,70 em mar\u00e7o; R4 240.239,78 em abril; R$ 240.717,96 em maio; R$ 258.019,30 em junho; R$ 258.401,29 em julho e R$ 266.974,55 em agosto.<\/p>\n\n\n\n<p>Os valores pagos pela Prefeitura de Dourados para a Infraero dispararam a partir de setembro de 2025, quando o Aeroporto Regional Francisco de Matos Pereira passou a operar com voos da Latam \u00e0s segundas, quintas e sextas-feiras. Em setembro, foram pagos R$ 569.391,29, seguidos por R$ 489.370,64 em outubro; R$ 489.488,00 em novembro e R$ 487.046,02 em dezembro do ano passado.<\/p>\n\n\n\n<p>Al\u00e9m dos gastos de R$ 3.901.959,34 com o contrato da Infraero, a Prefeitura de Dourados tamb\u00e9m teve gastos mensais de R$ 19.426,41 com os servidores municipais que trabalham no Aeroporto Regional Francisco de Matos Pereira, totalizando R$ 233.116,92 ao longo do ano. Esse valor continuar\u00e1 sendo gasto em 2026, j\u00e1 que o aeroporto segue sob responsabilidade da Prefeitura de Dourados, com administra\u00e7\u00e3o da Infraero.<\/p>\n\n\n\n<p>Com a concess\u00e3o, esse dinheiro ser\u00e1 direcionado para outros setores. \u201cTemos necessidades na Educa\u00e7\u00e3o, na Sa\u00fade, na Infraestrutura e n\u00e3o podemos seguir gastando mais de R$ 6 milh\u00f5es do contribuinte com administra\u00e7\u00e3o do Aeroporto Regional, mesmo porque esse n\u00e3o \u00e9 papel da prefeitura\u201d, observa Mar\u00e7al Filho. \u201cNossa miss\u00e3o j\u00e1 foi cumprida, que era recolocar Dourados na rota da avia\u00e7\u00e3o comercial e a partir de abril teremos voos todos os dias com a Latam e ainda estamos negociando com outras companhias a\u00e9reas para operar em nossa cidade, mas a gest\u00e3o do aeroporto tem que passar para a iniciativa privada porque nossas prioridades s\u00e3o outras\u201d, finaliza o prefeito.&nbsp;<\/p>\n","protected":false},"excerpt":{"rendered":"<p>Atualmente, o munic\u00edpio mant\u00e9m contrato com a Infraero, que administra o local &#8211;\u00a0Cr\u00e9dito: Clara Medeiros\/Arquivo\/Dourados News por Dourados News A&hellip;<\/p>\n","protected":false},"author":1,"featured_media":9428,"comment_status":"open","ping_status":"open","sticky":false,"template":"","format":"standard","meta":{"footnotes":""},"categories":[1],"tags":[],"class_list":["post-9427","post","type-post","status-publish","format-standard","has-post-thumbnail","hentry","category-uncategorized"],"_links":{"self":[{"href":"https:\/\/suanoticiaaqui.com.br\/news\/wp-json\/wp\/v2\/posts\/9427","targetHints":{"allow":["GET"]}}],"collection":[{"href":"https:\/\/suanoticiaaqui.com.br\/news\/wp-json\/wp\/v2\/posts"}],"about":[{"href":"https:\/\/suanoticiaaqui.com.br\/news\/wp-json\/wp\/v2\/types\/post"}],"author":[{"embeddable":true,"href":"https:\/\/suanoticiaaqui.com.br\/news\/wp-json\/wp\/v2\/users\/1"}],"replies":[{"embeddable":true,"href":"https:\/\/suanoticiaaqui.com.br\/news\/wp-json\/wp\/v2\/comments?post=9427"}],"version-history":[{"count":1,"href":"https:\/\/suanoticiaaqui.com.br\/news\/wp-json\/wp\/v2\/posts\/9427\/revisions"}],"predecessor-version":[{"id":9429,"href":"https:\/\/suanoticiaaqui.com.br\/news\/wp-json\/wp\/v2\/posts\/9427\/revisions\/9429"}],"wp:featuredmedia":[{"embeddable":true,"href":"https:\/\/suanoticiaaqui.com.br\/news\/wp-json\/wp\/v2\/media\/9428"}],"wp:attachment":[{"href":"https:\/\/suanoticiaaqui.com.br\/news\/wp-json\/wp\/v2\/media?parent=9427"}],"wp:term":[{"taxonomy":"category","embeddable":true,"href":"https:\/\/suanoticiaaqui.com.br\/news\/wp-json\/wp\/v2\/categories?post=9427"},{"taxonomy":"post_tag","embeddable":true,"href":"https:\/\/suanoticiaaqui.com.br\/news\/wp-json\/wp\/v2\/tags?post=9427"}],"curies":[{"name":"wp","href":"https:\/\/api.w.org\/{rel}","templated":true}]}}