{"id":9436,"date":"2026-03-13T10:46:45","date_gmt":"2026-03-13T14:46:45","guid":{"rendered":"https:\/\/suanoticiaaqui.com.br\/news\/?p=9436"},"modified":"2026-03-13T10:46:45","modified_gmt":"2026-03-13T14:46:45","slug":"colisao-entre-carretas-interdita-totalmente-a-br-262-e-deixa-dois-feridos-graves","status":"publish","type":"post","link":"https:\/\/suanoticiaaqui.com.br\/news\/2026\/03\/13\/colisao-entre-carretas-interdita-totalmente-a-br-262-e-deixa-dois-feridos-graves\/","title":{"rendered":"Colis\u00e3o entre carretas interdita totalmente a BR-262 e deixa dois feridos graves"},"content":{"rendered":"\n<p>Cabine de uma das carretas pegando fogo ap\u00f3s tombar na pista (Foto: Di\u00e1rio Popular)<br><\/p>\n\n\n\n<p>Um dos ve\u00edculos pegou fogo ap\u00f3s batida frontal; rodovia segue bloqueada nos dois sentidos<\/p>\n\n\n\n<ul class=\"wp-block-list\">\n<li>Thiago Marques<\/li>\n<\/ul>\n\n\n\n<p>Um acidente envolvendo duas carretas interditou totalmente a BR-262 na manh\u00e3 desta sexta-feira (13), no trecho entre os munic\u00edpios de \u00c1gua Clara e Ribas do Rio Pardo, na regi\u00e3o central de Mato Grosso do Sul.<\/p>\n\n\n\n<p>De acordo com a Pol\u00edcia Rodovi\u00e1ria Federal, a colis\u00e3o frontal ocorreu por volta das 7h, na altura do km 160 da rodovia. Com o forte impacto, duas pessoas ficaram gravemente feridas.<\/p>\n\n\n\n<p>Ap\u00f3s a batida, uma das carretas tombou na pista e acabou pegando fogo, o que agravou a situa\u00e7\u00e3o no local do acidente. As chamas e os destro\u00e7os espalhados pela rodovia levaram ao bloqueio total do tr\u00e1fego nos dois sentidos da BR-262.<\/p>\n\n\n\n<p>Equipes da PRF permanecem no trecho realizando o controle da ocorr\u00eancia e a seguran\u00e7a da via. O Corpo de Bombeiros Militar de Mato Grosso do Sul tamb\u00e9m foi acionado para combater o inc\u00eandio e auxiliar no resgate das v\u00edtimas.<\/p>\n\n\n\n<p>At\u00e9 o momento, n\u00e3o h\u00e1 previs\u00e3o para libera\u00e7\u00e3o do tr\u00e1fego no local. Motoristas que seguem pela regi\u00e3o devem buscar rotas alternativas e redobrar a aten\u00e7\u00e3o.<\/p>\n","protected":false},"excerpt":{"rendered":"<p>Cabine de uma das carretas pegando fogo ap\u00f3s tombar na pista (Foto: Di\u00e1rio Popular) Um dos ve\u00edculos pegou fogo ap\u00f3s&hellip;<\/p>\n","protected":false},"author":1,"featured_media":9437,"comment_status":"open","ping_status":"open","sticky":false,"template":"","format":"standard","meta":{"footnotes":""},"categories":[1],"tags":[],"class_list":["post-9436","post","type-post","status-publish","format-standard","has-post-thumbnail","hentry","category-uncategorized"],"_links":{"self":[{"href":"https:\/\/suanoticiaaqui.com.br\/news\/wp-json\/wp\/v2\/posts\/9436","targetHints":{"allow":["GET"]}}],"collection":[{"href":"https:\/\/suanoticiaaqui.com.br\/news\/wp-json\/wp\/v2\/posts"}],"about":[{"href":"https:\/\/suanoticiaaqui.com.br\/news\/wp-json\/wp\/v2\/types\/post"}],"author":[{"embeddable":true,"href":"https:\/\/suanoticiaaqui.com.br\/news\/wp-json\/wp\/v2\/users\/1"}],"replies":[{"embeddable":true,"href":"https:\/\/suanoticiaaqui.com.br\/news\/wp-json\/wp\/v2\/comments?post=9436"}],"version-history":[{"count":1,"href":"https:\/\/suanoticiaaqui.com.br\/news\/wp-json\/wp\/v2\/posts\/9436\/revisions"}],"predecessor-version":[{"id":9438,"href":"https:\/\/suanoticiaaqui.com.br\/news\/wp-json\/wp\/v2\/posts\/9436\/revisions\/9438"}],"wp:featuredmedia":[{"embeddable":true,"href":"https:\/\/suanoticiaaqui.com.br\/news\/wp-json\/wp\/v2\/media\/9437"}],"wp:attachment":[{"href":"https:\/\/suanoticiaaqui.com.br\/news\/wp-json\/wp\/v2\/media?parent=9436"}],"wp:term":[{"taxonomy":"category","embeddable":true,"href":"https:\/\/suanoticiaaqui.com.br\/news\/wp-json\/wp\/v2\/categories?post=9436"},{"taxonomy":"post_tag","embeddable":true,"href":"https:\/\/suanoticiaaqui.com.br\/news\/wp-json\/wp\/v2\/tags?post=9436"}],"curies":[{"name":"wp","href":"https:\/\/api.w.org\/{rel}","templated":true}]}}