{"id":9439,"date":"2026-03-13T10:48:38","date_gmt":"2026-03-13T14:48:38","guid":{"rendered":"https:\/\/suanoticiaaqui.com.br\/news\/?p=9439"},"modified":"2026-03-13T10:48:38","modified_gmt":"2026-03-13T14:48:38","slug":"lula-critica-convite-a-bolsonaro-em-posse-no-chile","status":"publish","type":"post","link":"https:\/\/suanoticiaaqui.com.br\/news\/2026\/03\/13\/lula-critica-convite-a-bolsonaro-em-posse-no-chile\/","title":{"rendered":"Lula critica convite a Bolsonaro em posse no Chile"},"content":{"rendered":"\n<p>\u00a9 Marcelo Camargo\/Ag\u00eancia Brasil<\/p>\n\n\n\n<p>Presidente brasileiro classificou como \u201cindelicadeza\u201d a presen\u00e7a de parlamentares na cerim\u00f4nia de posse de Kast<\/p>\n\n\n\n<ul class=\"wp-block-list\">\n<li><a href=\"https:\/\/bradockshow.com.br\/author\/marcotoledo\/\"><\/a>por <a href=\"https:\/\/bradockshow.com.br\/author\/marcotoledo\/\">Marco Toledo<\/a><\/li>\n<\/ul>\n\n\n\n<p>O presidente Luiz In\u00e1cio Lula da Silva considerou uma \u201cindelicadeza\u201d o convite feito pelo novo presidente do Chile, Jos\u00e9 Antonio Kast, aos senadores Fl\u00e1vio Bolsonaro e Eduardo Bolsonaro para participarem da cerim\u00f4nia de posse em Santiago. A informa\u00e7\u00e3o foi divulgada pelo jornalista Gustavo Uribe, da Folha de S.Paulo.<\/p>\n\n\n\n<p>Kast tomou posse ap\u00f3s vencer elei\u00e7\u00f5es no Chile e decidiu convidar lideran\u00e7as pol\u00edticas estrangeiras para o evento. Diante da presen\u00e7a de parlamentares brasileiros ligados \u00e0 oposi\u00e7\u00e3o, Lula optou por n\u00e3o comparecer \u00e0 cerim\u00f4nia e enviou em seu lugar o chanceler brasileiro com uma carta oficial.<\/p>\n\n\n\n<p>Nos bastidores diplom\u00e1ticos, o epis\u00f3dio gerou debate sobre a condu\u00e7\u00e3o das rela\u00e7\u00f5es entre os dois pa\u00edses. Enquanto o governo brasileiro avaliou o gesto como inadequado, aliados de Kast ressaltaram que a lista de convidados da posse \u00e9 prerrogativa exclusiva do presidente eleito e parte do protocolo soberano de cada na\u00e7\u00e3o.<\/p>\n","protected":false},"excerpt":{"rendered":"<p>\u00a9 Marcelo Camargo\/Ag\u00eancia Brasil Presidente brasileiro classificou como \u201cindelicadeza\u201d a presen\u00e7a de parlamentares na cerim\u00f4nia de posse de Kast O&hellip;<\/p>\n","protected":false},"author":1,"featured_media":9440,"comment_status":"open","ping_status":"open","sticky":false,"template":"","format":"standard","meta":{"footnotes":""},"categories":[1],"tags":[],"class_list":["post-9439","post","type-post","status-publish","format-standard","has-post-thumbnail","hentry","category-uncategorized"],"_links":{"self":[{"href":"https:\/\/suanoticiaaqui.com.br\/news\/wp-json\/wp\/v2\/posts\/9439","targetHints":{"allow":["GET"]}}],"collection":[{"href":"https:\/\/suanoticiaaqui.com.br\/news\/wp-json\/wp\/v2\/posts"}],"about":[{"href":"https:\/\/suanoticiaaqui.com.br\/news\/wp-json\/wp\/v2\/types\/post"}],"author":[{"embeddable":true,"href":"https:\/\/suanoticiaaqui.com.br\/news\/wp-json\/wp\/v2\/users\/1"}],"replies":[{"embeddable":true,"href":"https:\/\/suanoticiaaqui.com.br\/news\/wp-json\/wp\/v2\/comments?post=9439"}],"version-history":[{"count":1,"href":"https:\/\/suanoticiaaqui.com.br\/news\/wp-json\/wp\/v2\/posts\/9439\/revisions"}],"predecessor-version":[{"id":9441,"href":"https:\/\/suanoticiaaqui.com.br\/news\/wp-json\/wp\/v2\/posts\/9439\/revisions\/9441"}],"wp:featuredmedia":[{"embeddable":true,"href":"https:\/\/suanoticiaaqui.com.br\/news\/wp-json\/wp\/v2\/media\/9440"}],"wp:attachment":[{"href":"https:\/\/suanoticiaaqui.com.br\/news\/wp-json\/wp\/v2\/media?parent=9439"}],"wp:term":[{"taxonomy":"category","embeddable":true,"href":"https:\/\/suanoticiaaqui.com.br\/news\/wp-json\/wp\/v2\/categories?post=9439"},{"taxonomy":"post_tag","embeddable":true,"href":"https:\/\/suanoticiaaqui.com.br\/news\/wp-json\/wp\/v2\/tags?post=9439"}],"curies":[{"name":"wp","href":"https:\/\/api.w.org\/{rel}","templated":true}]}}