{"id":9442,"date":"2026-03-13T10:50:37","date_gmt":"2026-03-13T14:50:37","guid":{"rendered":"https:\/\/suanoticiaaqui.com.br\/news\/?p=9442"},"modified":"2026-03-13T10:50:37","modified_gmt":"2026-03-13T14:50:37","slug":"planalto-tenta-atribuir-crise-do-banco-master-a-gestao-de-campos-neto-no-banco-central","status":"publish","type":"post","link":"https:\/\/suanoticiaaqui.com.br\/news\/2026\/03\/13\/planalto-tenta-atribuir-crise-do-banco-master-a-gestao-de-campos-neto-no-banco-central\/","title":{"rendered":"Planalto tenta atribuir crise do Banco Master \u00e0 gest\u00e3o de Campos Neto no Banco Central"},"content":{"rendered":"\n<p>Ant\u00f4nio Cruz\/ Ag\u00eancia Brasil<\/p>\n\n\n\n<p>O governo busca deslocar o foco pol\u00edtico do esc\u00e2ndalo enquanto novas revela\u00e7\u00f5es continuam surgindo.<\/p>\n\n\n\n<ul class=\"wp-block-list\">\n<li><a href=\"https:\/\/bradockshow.com.br\/author\/marcotoledo\/\"><\/a>por <a href=\"https:\/\/bradockshow.com.br\/author\/marcotoledo\/\">Marco Toledo<\/a><\/li>\n<\/ul>\n\n\n\n<p>Segundo a jornalista Andr\u00e9ia Sadi, do G1, integrantes do Pal\u00e1cio do Planalto discutem internamente uma estrat\u00e9gia para vincular a crise envolvendo o Banco Master a supostas falhas de supervis\u00e3o do Banco Central do Brasil durante a gest\u00e3o de Roberto Campos Neto, indicado ao cargo no governo de Jair Bolsonaro. A ideia seria deslocar o debate pol\u00edtico para decis\u00f5es regulat\u00f3rias tomadas no passado.<\/p>\n\n\n\n<p>Nos bastidores, a preocupa\u00e7\u00e3o \u00e9 que o avan\u00e7o das investiga\u00e7\u00f5es e das revela\u00e7\u00f5es envolvendo o empres\u00e1rio Daniel Vorcaro continue ampliando o impacto institucional do caso. Parte das reportagens tamb\u00e9m menciona nomes ligados ao Supremo Tribunal Federal, o que aumentou a tens\u00e3o pol\u00edtica em torno do epis\u00f3dio.<\/p>\n\n\n\n<p>Autoridades acompanham a an\u00e1lise de mensagens e documentos apreendidos com Vorcaro. O material ainda est\u00e1 sendo examinado e pode trazer novos desdobramentos para um caso que j\u00e1 envolve diferentes atores do cen\u00e1rio pol\u00edtico e econ\u00f4mico.<\/p>\n","protected":false},"excerpt":{"rendered":"<p>Ant\u00f4nio Cruz\/ Ag\u00eancia Brasil O governo busca deslocar o foco pol\u00edtico do esc\u00e2ndalo enquanto novas revela\u00e7\u00f5es continuam surgindo. Segundo a&hellip;<\/p>\n","protected":false},"author":1,"featured_media":9443,"comment_status":"open","ping_status":"open","sticky":false,"template":"","format":"standard","meta":{"footnotes":""},"categories":[1],"tags":[],"class_list":["post-9442","post","type-post","status-publish","format-standard","has-post-thumbnail","hentry","category-uncategorized"],"_links":{"self":[{"href":"https:\/\/suanoticiaaqui.com.br\/news\/wp-json\/wp\/v2\/posts\/9442","targetHints":{"allow":["GET"]}}],"collection":[{"href":"https:\/\/suanoticiaaqui.com.br\/news\/wp-json\/wp\/v2\/posts"}],"about":[{"href":"https:\/\/suanoticiaaqui.com.br\/news\/wp-json\/wp\/v2\/types\/post"}],"author":[{"embeddable":true,"href":"https:\/\/suanoticiaaqui.com.br\/news\/wp-json\/wp\/v2\/users\/1"}],"replies":[{"embeddable":true,"href":"https:\/\/suanoticiaaqui.com.br\/news\/wp-json\/wp\/v2\/comments?post=9442"}],"version-history":[{"count":1,"href":"https:\/\/suanoticiaaqui.com.br\/news\/wp-json\/wp\/v2\/posts\/9442\/revisions"}],"predecessor-version":[{"id":9444,"href":"https:\/\/suanoticiaaqui.com.br\/news\/wp-json\/wp\/v2\/posts\/9442\/revisions\/9444"}],"wp:featuredmedia":[{"embeddable":true,"href":"https:\/\/suanoticiaaqui.com.br\/news\/wp-json\/wp\/v2\/media\/9443"}],"wp:attachment":[{"href":"https:\/\/suanoticiaaqui.com.br\/news\/wp-json\/wp\/v2\/media?parent=9442"}],"wp:term":[{"taxonomy":"category","embeddable":true,"href":"https:\/\/suanoticiaaqui.com.br\/news\/wp-json\/wp\/v2\/categories?post=9442"},{"taxonomy":"post_tag","embeddable":true,"href":"https:\/\/suanoticiaaqui.com.br\/news\/wp-json\/wp\/v2\/tags?post=9442"}],"curies":[{"name":"wp","href":"https:\/\/api.w.org\/{rel}","templated":true}]}}