{"id":9445,"date":"2026-03-13T10:51:44","date_gmt":"2026-03-13T14:51:44","guid":{"rendered":"https:\/\/suanoticiaaqui.com.br\/news\/?p=9445"},"modified":"2026-03-13T10:51:44","modified_gmt":"2026-03-13T14:51:44","slug":"presidente-do-paraguai-apoia-classificar-pcc-e-cv-como-terroristas","status":"publish","type":"post","link":"https:\/\/suanoticiaaqui.com.br\/news\/2026\/03\/13\/presidente-do-paraguai-apoia-classificar-pcc-e-cv-como-terroristas\/","title":{"rendered":"Presidente do Paraguai apoia classificar PCC e CV como terroristas"},"content":{"rendered":"\n<p>\u00a9 Wilson Dias\/Ag\u00eancia Brasil<\/p>\n\n\n\n<p>Declara\u00e7\u00e3o de Santiago Pe\u00f1a refor\u00e7a debate regional sobre novas estrat\u00e9gias de combate ao crime organizado<\/p>\n\n\n\n<ul class=\"wp-block-list\">\n<li><a href=\"https:\/\/bradockshow.com.br\/author\/marcotoledo\/\"><\/a>por <a href=\"https:\/\/bradockshow.com.br\/author\/marcotoledo\/\">Marco Toledo<\/a><\/li>\n<\/ul>\n\n\n\n<p>O presidente do Paraguai, Santiago Pe\u00f1a, manifestou apoio \u00e0 proposta defendida pelo presidente dos Estados Unidos, Donald Trump, de classificar fac\u00e7\u00f5es criminosas como o Primeiro Comando da Capital e o Comando Vermelho como organiza\u00e7\u00f5es terroristas. Segundo reportagem do Valor Econ\u00f4mico, Pe\u00f1a afirmou que esse tipo de classifica\u00e7\u00e3o pode ampliar instrumentos legais e operacionais para o combate ao crime organizado na regi\u00e3o.<\/p>\n\n\n\n<p>O tema tamb\u00e9m ganhou espa\u00e7o no debate pol\u00edtico brasileiro. O governador de S\u00e3o Paulo, Tarc\u00edsio de Freitas, j\u00e1 sinalizou apoio \u00e0 ideia de discutir mecanismos semelhantes. Enquanto isso, o governo do presidente Luiz In\u00e1cio Lula da Silva mant\u00e9m posi\u00e7\u00e3o cautelosa e ressalta que a legisla\u00e7\u00e3o brasileira exige crit\u00e9rios espec\u00edficos, como motiva\u00e7\u00e3o ideol\u00f3gica ou religiosa, para enquadrar grupos como terroristas.<\/p>\n\n\n\n<p>Investiga\u00e7\u00f5es recentes conduzidas por for\u00e7as de seguran\u00e7a no Brasil indicam que as duas fac\u00e7\u00f5es possuem presen\u00e7a nacional e mant\u00eam rela\u00e7\u00f5es operacionais em diferentes regi\u00f5es do pa\u00eds. O debate sobre a classifica\u00e7\u00e3o jur\u00eddica desses grupos continua avan\u00e7ando entre autoridades e especialistas em seguran\u00e7a p\u00fablica.<\/p>\n","protected":false},"excerpt":{"rendered":"<p>\u00a9 Wilson Dias\/Ag\u00eancia Brasil Declara\u00e7\u00e3o de Santiago Pe\u00f1a refor\u00e7a debate regional sobre novas estrat\u00e9gias de combate ao crime organizado O&hellip;<\/p>\n","protected":false},"author":1,"featured_media":9446,"comment_status":"open","ping_status":"open","sticky":false,"template":"","format":"standard","meta":{"footnotes":""},"categories":[1],"tags":[],"class_list":["post-9445","post","type-post","status-publish","format-standard","has-post-thumbnail","hentry","category-uncategorized"],"_links":{"self":[{"href":"https:\/\/suanoticiaaqui.com.br\/news\/wp-json\/wp\/v2\/posts\/9445","targetHints":{"allow":["GET"]}}],"collection":[{"href":"https:\/\/suanoticiaaqui.com.br\/news\/wp-json\/wp\/v2\/posts"}],"about":[{"href":"https:\/\/suanoticiaaqui.com.br\/news\/wp-json\/wp\/v2\/types\/post"}],"author":[{"embeddable":true,"href":"https:\/\/suanoticiaaqui.com.br\/news\/wp-json\/wp\/v2\/users\/1"}],"replies":[{"embeddable":true,"href":"https:\/\/suanoticiaaqui.com.br\/news\/wp-json\/wp\/v2\/comments?post=9445"}],"version-history":[{"count":1,"href":"https:\/\/suanoticiaaqui.com.br\/news\/wp-json\/wp\/v2\/posts\/9445\/revisions"}],"predecessor-version":[{"id":9447,"href":"https:\/\/suanoticiaaqui.com.br\/news\/wp-json\/wp\/v2\/posts\/9445\/revisions\/9447"}],"wp:featuredmedia":[{"embeddable":true,"href":"https:\/\/suanoticiaaqui.com.br\/news\/wp-json\/wp\/v2\/media\/9446"}],"wp:attachment":[{"href":"https:\/\/suanoticiaaqui.com.br\/news\/wp-json\/wp\/v2\/media?parent=9445"}],"wp:term":[{"taxonomy":"category","embeddable":true,"href":"https:\/\/suanoticiaaqui.com.br\/news\/wp-json\/wp\/v2\/categories?post=9445"},{"taxonomy":"post_tag","embeddable":true,"href":"https:\/\/suanoticiaaqui.com.br\/news\/wp-json\/wp\/v2\/tags?post=9445"}],"curies":[{"name":"wp","href":"https:\/\/api.w.org\/{rel}","templated":true}]}}