{"id":9448,"date":"2026-03-13T10:52:46","date_gmt":"2026-03-13T14:52:46","guid":{"rendered":"https:\/\/suanoticiaaqui.com.br\/news\/?p=9448"},"modified":"2026-03-13T10:52:46","modified_gmt":"2026-03-13T14:52:46","slug":"toffoli-se-declara-impedido-apos-ser-sorteado-relator-de-acao-sobre-cpi-do-master","status":"publish","type":"post","link":"https:\/\/suanoticiaaqui.com.br\/news\/2026\/03\/13\/toffoli-se-declara-impedido-apos-ser-sorteado-relator-de-acao-sobre-cpi-do-master\/","title":{"rendered":"Toffoli se declara impedido ap\u00f3s ser sorteado relator de a\u00e7\u00e3o sobre CPI do Master"},"content":{"rendered":"\n<p>\u00a9 Rosinei Coutinho\/STF<\/p>\n\n\n\n<p>Ministro devolve processo poucas horas ap\u00f3s distribui\u00e7\u00e3o no STF<\/p>\n\n\n\n<ul class=\"wp-block-list\">\n<li><a href=\"https:\/\/bradockshow.com.br\/author\/marcotoledo\/\"><\/a>por <a href=\"https:\/\/bradockshow.com.br\/author\/marcotoledo\/\">Marco Toledo<\/a><\/li>\n<\/ul>\n\n\n\n<p>O ministro Dias Toffoli, do Supremo Tribunal Federal, declarou-se suspeito e devolveu a relatoria de um mandado de seguran\u00e7a que pede \u00e0 C\u00e2mara dos Deputados a instala\u00e7\u00e3o de uma Comiss\u00e3o Parlamentar de Inqu\u00e9rito para investigar o Banco Master. O magistrado havia sido sorteado relator do caso na manh\u00e3 do mesmo dia, mas decidiu se afastar do processo poucas horas depois.<\/p>\n\n\n\n<p>Toffoli j\u00e1 havia deixado anteriormente a relatoria de processos relacionados ao banco ap\u00f3s a divulga\u00e7\u00e3o de informa\u00e7\u00f5es envolvendo neg\u00f3cios ligados a pessoas de seu c\u00edrculo familiar. A decis\u00e3o de suspei\u00e7\u00e3o faz com que o caso seja redistribu\u00eddo a outro ministro da Corte.<\/p>\n\n\n\n<p>A a\u00e7\u00e3o questiona a decis\u00e3o do presidente da C\u00e2mara, Hugo Motta, que ainda n\u00e3o instalou a CPI alegando exist\u00eancia de outros requerimentos pendentes na fila de comiss\u00f5es parlamentares. Com a nova redistribui\u00e7\u00e3o no STF, caber\u00e1 ao pr\u00f3ximo relator avaliar se o tribunal deve ou n\u00e3o determinar a abertura da investiga\u00e7\u00e3o no Legislativo.<\/p>\n","protected":false},"excerpt":{"rendered":"<p>\u00a9 Rosinei Coutinho\/STF Ministro devolve processo poucas horas ap\u00f3s distribui\u00e7\u00e3o no STF O ministro Dias Toffoli, do Supremo Tribunal Federal,&hellip;<\/p>\n","protected":false},"author":1,"featured_media":9449,"comment_status":"open","ping_status":"open","sticky":false,"template":"","format":"standard","meta":{"footnotes":""},"categories":[1],"tags":[],"class_list":["post-9448","post","type-post","status-publish","format-standard","has-post-thumbnail","hentry","category-uncategorized"],"_links":{"self":[{"href":"https:\/\/suanoticiaaqui.com.br\/news\/wp-json\/wp\/v2\/posts\/9448","targetHints":{"allow":["GET"]}}],"collection":[{"href":"https:\/\/suanoticiaaqui.com.br\/news\/wp-json\/wp\/v2\/posts"}],"about":[{"href":"https:\/\/suanoticiaaqui.com.br\/news\/wp-json\/wp\/v2\/types\/post"}],"author":[{"embeddable":true,"href":"https:\/\/suanoticiaaqui.com.br\/news\/wp-json\/wp\/v2\/users\/1"}],"replies":[{"embeddable":true,"href":"https:\/\/suanoticiaaqui.com.br\/news\/wp-json\/wp\/v2\/comments?post=9448"}],"version-history":[{"count":1,"href":"https:\/\/suanoticiaaqui.com.br\/news\/wp-json\/wp\/v2\/posts\/9448\/revisions"}],"predecessor-version":[{"id":9450,"href":"https:\/\/suanoticiaaqui.com.br\/news\/wp-json\/wp\/v2\/posts\/9448\/revisions\/9450"}],"wp:featuredmedia":[{"embeddable":true,"href":"https:\/\/suanoticiaaqui.com.br\/news\/wp-json\/wp\/v2\/media\/9449"}],"wp:attachment":[{"href":"https:\/\/suanoticiaaqui.com.br\/news\/wp-json\/wp\/v2\/media?parent=9448"}],"wp:term":[{"taxonomy":"category","embeddable":true,"href":"https:\/\/suanoticiaaqui.com.br\/news\/wp-json\/wp\/v2\/categories?post=9448"},{"taxonomy":"post_tag","embeddable":true,"href":"https:\/\/suanoticiaaqui.com.br\/news\/wp-json\/wp\/v2\/tags?post=9448"}],"curies":[{"name":"wp","href":"https:\/\/api.w.org\/{rel}","templated":true}]}}