{"id":9455,"date":"2026-03-13T16:20:02","date_gmt":"2026-03-13T20:20:02","guid":{"rendered":"https:\/\/suanoticiaaqui.com.br\/news\/?p=9455"},"modified":"2026-03-13T16:20:02","modified_gmt":"2026-03-13T20:20:02","slug":"pgr-pede-nova-condenacao-de-ramagem-em-processo-ligado-ao-8-de-janeiro","status":"publish","type":"post","link":"https:\/\/suanoticiaaqui.com.br\/news\/2026\/03\/13\/pgr-pede-nova-condenacao-de-ramagem-em-processo-ligado-ao-8-de-janeiro\/","title":{"rendered":"PGR pede nova condena\u00e7\u00e3o de Ramagem em processo ligado ao 8 de janeiro"},"content":{"rendered":"\n<p>\u00a9 Jos\u00e9 Cruz\/Ag\u00eancia Brasil<\/p>\n\n\n\n<p>Alega\u00e7\u00f5es finais foram apresentadas ao STF e caso ser\u00e1 analisado pelo ministro Alexandre de Moraes<\/p>\n\n\n\n<ul class=\"wp-block-list\">\n<li><a href=\"https:\/\/bradockshow.com.br\/author\/marcotoledo\/\"><\/a>por <a href=\"https:\/\/bradockshow.com.br\/author\/marcotoledo\/\">Marco Toledo<\/a><\/li>\n<\/ul>\n\n\n\n<p>O procurador-geral da Rep\u00fablica, Paulo Gonet, apresentou ao Supremo Tribunal Federal as alega\u00e7\u00f5es finais pedindo a condena\u00e7\u00e3o do ex-diretor da Ag\u00eancia Brasileira de Intelig\u00eancia e ex-deputado federal Alexandre Ramagem por dano qualificado e deteriora\u00e7\u00e3o de patrim\u00f4nio tombado em a\u00e7\u00f5es relacionadas aos Ataques de 8 de janeiro de 2023 no Brasil. O processo tem como relator o ministro Alexandre de Moraes.<\/p>\n\n\n\n<p>Ramagem j\u00e1 havia sido condenado anteriormente a 16 anos de pris\u00e3o no julgamento do chamado n\u00facleo 1 das investiga\u00e7\u00f5es. Parte das acusa\u00e7\u00f5es remanescentes havia sido suspensa enquanto ele exercia mandato parlamentar, ap\u00f3s decis\u00e3o da C\u00e2mara dos Deputados do Brasil. Com a perda do mandato, o Supremo abriu nova a\u00e7\u00e3o penal para analisar os demais crimes apontados pela acusa\u00e7\u00e3o.<\/p>\n\n\n\n<p>A Procuradoria sustenta que Ramagem teria utilizado a estrutura da Abin para contribuir com um ambiente que favoreceu as invas\u00f5es de janeiro. A defesa afirma que n\u00e3o h\u00e1 provas de incentivo a atos ilegais e destaca que o ex-diretor deixou o cargo em mar\u00e7o de 2022.<\/p>\n","protected":false},"excerpt":{"rendered":"<p>\u00a9 Jos\u00e9 Cruz\/Ag\u00eancia Brasil Alega\u00e7\u00f5es finais foram apresentadas ao STF e caso ser\u00e1 analisado pelo ministro Alexandre de Moraes O&hellip;<\/p>\n","protected":false},"author":1,"featured_media":9456,"comment_status":"open","ping_status":"open","sticky":false,"template":"","format":"standard","meta":{"footnotes":""},"categories":[1],"tags":[],"class_list":["post-9455","post","type-post","status-publish","format-standard","has-post-thumbnail","hentry","category-uncategorized"],"_links":{"self":[{"href":"https:\/\/suanoticiaaqui.com.br\/news\/wp-json\/wp\/v2\/posts\/9455","targetHints":{"allow":["GET"]}}],"collection":[{"href":"https:\/\/suanoticiaaqui.com.br\/news\/wp-json\/wp\/v2\/posts"}],"about":[{"href":"https:\/\/suanoticiaaqui.com.br\/news\/wp-json\/wp\/v2\/types\/post"}],"author":[{"embeddable":true,"href":"https:\/\/suanoticiaaqui.com.br\/news\/wp-json\/wp\/v2\/users\/1"}],"replies":[{"embeddable":true,"href":"https:\/\/suanoticiaaqui.com.br\/news\/wp-json\/wp\/v2\/comments?post=9455"}],"version-history":[{"count":1,"href":"https:\/\/suanoticiaaqui.com.br\/news\/wp-json\/wp\/v2\/posts\/9455\/revisions"}],"predecessor-version":[{"id":9457,"href":"https:\/\/suanoticiaaqui.com.br\/news\/wp-json\/wp\/v2\/posts\/9455\/revisions\/9457"}],"wp:featuredmedia":[{"embeddable":true,"href":"https:\/\/suanoticiaaqui.com.br\/news\/wp-json\/wp\/v2\/media\/9456"}],"wp:attachment":[{"href":"https:\/\/suanoticiaaqui.com.br\/news\/wp-json\/wp\/v2\/media?parent=9455"}],"wp:term":[{"taxonomy":"category","embeddable":true,"href":"https:\/\/suanoticiaaqui.com.br\/news\/wp-json\/wp\/v2\/categories?post=9455"},{"taxonomy":"post_tag","embeddable":true,"href":"https:\/\/suanoticiaaqui.com.br\/news\/wp-json\/wp\/v2\/tags?post=9455"}],"curies":[{"name":"wp","href":"https:\/\/api.w.org\/{rel}","templated":true}]}}