{"id":9458,"date":"2026-03-13T16:21:03","date_gmt":"2026-03-13T20:21:03","guid":{"rendered":"https:\/\/suanoticiaaqui.com.br\/news\/?p=9458"},"modified":"2026-03-13T16:21:03","modified_gmt":"2026-03-13T20:21:03","slug":"post-de-musk-sobre-moraes-volta-a-circular-apos-novas-reportagens","status":"publish","type":"post","link":"https:\/\/suanoticiaaqui.com.br\/news\/2026\/03\/13\/post-de-musk-sobre-moraes-volta-a-circular-apos-novas-reportagens\/","title":{"rendered":"Post de Musk sobre Moraes volta a circular ap\u00f3s novas reportagens"},"content":{"rendered":"\n<p>Foto Reprodu\u00e7\u00e3o<\/p>\n\n\n\n<p>Coment\u00e1rio do empres\u00e1rio no X foi resgatado por Glenn Greenwald e ganhou repercuss\u00e3o nas redes<\/p>\n\n\n\n<ul class=\"wp-block-list\">\n<li><a href=\"https:\/\/bradockshow.com.br\/author\/marcotoledo\/\"><\/a>por <a href=\"https:\/\/bradockshow.com.br\/author\/marcotoledo\/\">Marco Toledo<\/a><\/li>\n<\/ul>\n\n\n\n<p>Uma publica\u00e7\u00e3o antiga do empres\u00e1rio Elon Musk voltou a repercutir nas redes sociais depois de ser resgatada pelo jornalista Glenn Greenwald. O post original, feito em agosto de 2024 no X, mostrava uma imagem do ministro Alexandre de Moraes ao lado de uma montagem criada por intelig\u00eancia artificial que o retratava atr\u00e1s das grades. Na ocasi\u00e3o, Musk escreveu que \u201cum dia\u201d aquela imagem poderia se tornar real.<\/p>\n\n\n\n<p>Nesta semana, Greenwald republicou o conte\u00fado junto a uma manchete da Bloomberg sobre investiga\u00e7\u00f5es relacionadas ao Banco Master. Musk respondeu ao repost dizendo: \u201cNot quite yet, but it&#8217;s coming. Why pick fights with me? So silly.\u201d A frase, em ingl\u00eas, foi interpretada por usu\u00e1rios como uma provoca\u00e7\u00e3o ao ministro brasileiro.<\/p>\n\n\n\n<p>A troca ocorre ap\u00f3s uma s\u00e9rie de embates p\u00fablicos entre Musk e Moraes envolvendo decis\u00f5es judiciais relacionadas ao funcionamento do X no Brasil. O epis\u00f3dio voltou a alimentar discuss\u00f5es nas redes sobre liberdade de express\u00e3o, regula\u00e7\u00e3o de plataformas digitais e a atua\u00e7\u00e3o do Judici\u00e1rio.<\/p>\n","protected":false},"excerpt":{"rendered":"<p>Foto Reprodu\u00e7\u00e3o Coment\u00e1rio do empres\u00e1rio no X foi resgatado por Glenn Greenwald e ganhou repercuss\u00e3o nas redes Uma publica\u00e7\u00e3o antiga&hellip;<\/p>\n","protected":false},"author":1,"featured_media":9459,"comment_status":"open","ping_status":"open","sticky":false,"template":"","format":"standard","meta":{"footnotes":""},"categories":[1],"tags":[],"class_list":["post-9458","post","type-post","status-publish","format-standard","has-post-thumbnail","hentry","category-uncategorized"],"_links":{"self":[{"href":"https:\/\/suanoticiaaqui.com.br\/news\/wp-json\/wp\/v2\/posts\/9458","targetHints":{"allow":["GET"]}}],"collection":[{"href":"https:\/\/suanoticiaaqui.com.br\/news\/wp-json\/wp\/v2\/posts"}],"about":[{"href":"https:\/\/suanoticiaaqui.com.br\/news\/wp-json\/wp\/v2\/types\/post"}],"author":[{"embeddable":true,"href":"https:\/\/suanoticiaaqui.com.br\/news\/wp-json\/wp\/v2\/users\/1"}],"replies":[{"embeddable":true,"href":"https:\/\/suanoticiaaqui.com.br\/news\/wp-json\/wp\/v2\/comments?post=9458"}],"version-history":[{"count":1,"href":"https:\/\/suanoticiaaqui.com.br\/news\/wp-json\/wp\/v2\/posts\/9458\/revisions"}],"predecessor-version":[{"id":9460,"href":"https:\/\/suanoticiaaqui.com.br\/news\/wp-json\/wp\/v2\/posts\/9458\/revisions\/9460"}],"wp:featuredmedia":[{"embeddable":true,"href":"https:\/\/suanoticiaaqui.com.br\/news\/wp-json\/wp\/v2\/media\/9459"}],"wp:attachment":[{"href":"https:\/\/suanoticiaaqui.com.br\/news\/wp-json\/wp\/v2\/media?parent=9458"}],"wp:term":[{"taxonomy":"category","embeddable":true,"href":"https:\/\/suanoticiaaqui.com.br\/news\/wp-json\/wp\/v2\/categories?post=9458"},{"taxonomy":"post_tag","embeddable":true,"href":"https:\/\/suanoticiaaqui.com.br\/news\/wp-json\/wp\/v2\/tags?post=9458"}],"curies":[{"name":"wp","href":"https:\/\/api.w.org\/{rel}","templated":true}]}}