{"id":9461,"date":"2026-03-13T16:23:07","date_gmt":"2026-03-13T20:23:07","guid":{"rendered":"https:\/\/suanoticiaaqui.com.br\/news\/?p=9461"},"modified":"2026-03-13T16:23:07","modified_gmt":"2026-03-13T20:23:07","slug":"lula-recorre-a-velha-guarda-do-pt-para-coordenar-campanha","status":"publish","type":"post","link":"https:\/\/suanoticiaaqui.com.br\/news\/2026\/03\/13\/lula-recorre-a-velha-guarda-do-pt-para-coordenar-campanha\/","title":{"rendered":"Lula recorre \u00e0 velha guarda do PT para coordenar campanha"},"content":{"rendered":"\n<p>\u00a9 Marcelo Camargo\/Ag\u00eancia Brasil<\/p>\n\n\n\n<p>Ex-dirigentes do partido e antigos auxiliares passam a integrar articula\u00e7\u00e3o para disputa eleitoral<\/p>\n\n\n\n<ul class=\"wp-block-list\">\n<li><a href=\"https:\/\/bradockshow.com.br\/author\/marcotoledo\/\"><\/a>por <a href=\"https:\/\/bradockshow.com.br\/author\/marcotoledo\/\">Marco Toledo<\/a><\/li>\n<\/ul>\n\n\n\n<p>O presidente Luiz In\u00e1cio Lula da Silva decidiu convocar nomes hist\u00f3ricos do partido para refor\u00e7ar a coordena\u00e7\u00e3o de sua campanha \u00e0 reelei\u00e7\u00e3o. Entre os escolhidos est\u00e3o S\u00e9rgio Gabrielli e Gilberto Carvalho, que atuar\u00e3o ao lado de Edinho Silva na estrutura pol\u00edtica da campanha.<\/p>\n\n\n\n<p>Gabrielli presidiu a Petrobras durante os primeiros governos de Lula, per\u00edodo em que vieram \u00e0 tona investiga\u00e7\u00f5es relacionadas ao esc\u00e2ndalo da Opera\u00e7\u00e3o Lava Jato. A presen\u00e7a de figuras associadas \u00e0quela fase do partido chama aten\u00e7\u00e3o no atual momento pol\u00edtico.<\/p>\n\n\n\n<p>Segundo informa\u00e7\u00f5es de bastidores, o grupo j\u00e1 realizou reuni\u00f5es nas \u00faltimas semanas para discutir estrat\u00e9gias eleitorais. A decis\u00e3o de recorrer a quadros veteranos ocorre em meio a press\u00f5es pol\u00edticas e \u00e0 repercuss\u00e3o de temas sens\u00edveis no notici\u00e1rio nacional.<\/p>\n\n\n\n<p>A movimenta\u00e7\u00e3o indica que Lula aposta na experi\u00eancia de antigos aliados para reorganizar a articula\u00e7\u00e3o pol\u00edtica e fortalecer sua estrutura de campanha diante do cen\u00e1rio eleitoral que se aproxima.<\/p>\n","protected":false},"excerpt":{"rendered":"<p>\u00a9 Marcelo Camargo\/Ag\u00eancia Brasil Ex-dirigentes do partido e antigos auxiliares passam a integrar articula\u00e7\u00e3o para disputa eleitoral O presidente Luiz&hellip;<\/p>\n","protected":false},"author":1,"featured_media":9462,"comment_status":"open","ping_status":"open","sticky":false,"template":"","format":"standard","meta":{"footnotes":""},"categories":[1],"tags":[],"class_list":["post-9461","post","type-post","status-publish","format-standard","has-post-thumbnail","hentry","category-uncategorized"],"_links":{"self":[{"href":"https:\/\/suanoticiaaqui.com.br\/news\/wp-json\/wp\/v2\/posts\/9461","targetHints":{"allow":["GET"]}}],"collection":[{"href":"https:\/\/suanoticiaaqui.com.br\/news\/wp-json\/wp\/v2\/posts"}],"about":[{"href":"https:\/\/suanoticiaaqui.com.br\/news\/wp-json\/wp\/v2\/types\/post"}],"author":[{"embeddable":true,"href":"https:\/\/suanoticiaaqui.com.br\/news\/wp-json\/wp\/v2\/users\/1"}],"replies":[{"embeddable":true,"href":"https:\/\/suanoticiaaqui.com.br\/news\/wp-json\/wp\/v2\/comments?post=9461"}],"version-history":[{"count":1,"href":"https:\/\/suanoticiaaqui.com.br\/news\/wp-json\/wp\/v2\/posts\/9461\/revisions"}],"predecessor-version":[{"id":9463,"href":"https:\/\/suanoticiaaqui.com.br\/news\/wp-json\/wp\/v2\/posts\/9461\/revisions\/9463"}],"wp:featuredmedia":[{"embeddable":true,"href":"https:\/\/suanoticiaaqui.com.br\/news\/wp-json\/wp\/v2\/media\/9462"}],"wp:attachment":[{"href":"https:\/\/suanoticiaaqui.com.br\/news\/wp-json\/wp\/v2\/media?parent=9461"}],"wp:term":[{"taxonomy":"category","embeddable":true,"href":"https:\/\/suanoticiaaqui.com.br\/news\/wp-json\/wp\/v2\/categories?post=9461"},{"taxonomy":"post_tag","embeddable":true,"href":"https:\/\/suanoticiaaqui.com.br\/news\/wp-json\/wp\/v2\/tags?post=9461"}],"curies":[{"name":"wp","href":"https:\/\/api.w.org\/{rel}","templated":true}]}}