{"id":9464,"date":"2026-03-13T16:24:04","date_gmt":"2026-03-13T20:24:04","guid":{"rendered":"https:\/\/suanoticiaaqui.com.br\/news\/?p=9464"},"modified":"2026-03-13T16:24:04","modified_gmt":"2026-03-13T20:24:04","slug":"bolsonaro-passa-mal-na-prisao-e-e-levado-ao-hospital-df-star","status":"publish","type":"post","link":"https:\/\/suanoticiaaqui.com.br\/news\/2026\/03\/13\/bolsonaro-passa-mal-na-prisao-e-e-levado-ao-hospital-df-star\/","title":{"rendered":"Bolsonaro passa mal na pris\u00e3o e \u00e9 levado ao Hospital DF Star"},"content":{"rendered":"\n<p>Fabio Rodrigues-Pozzebom\/ Ag\u00eancia Brasil<\/p>\n\n\n\n<p>Ex-presidente apresentou calafrios, v\u00f4mitos e queda na satura\u00e7\u00e3o de oxig\u00eanio durante a madrugada<\/p>\n\n\n\n<ul class=\"wp-block-list\">\n<li><a href=\"https:\/\/bradockshow.com.br\/author\/marcotoledo\/\"><\/a>por <a href=\"https:\/\/bradockshow.com.br\/author\/marcotoledo\/\">Marco Toledo<\/a><\/li>\n<\/ul>\n\n\n\n<p>O ex-presidente Jair Bolsonaro passou mal durante a madrugada desta sexta-feira e foi transferido da unidade conhecida como Papudinha para o Hospital DF Star, na regi\u00e3o central de Bras\u00edlia. A informa\u00e7\u00e3o foi divulgada nas redes sociais pelo senador Fl\u00e1vio Bolsonaro.<\/p>\n\n\n\n<p>Segundo o parlamentar, Bolsonaro acordou com calafrios e forte sudorese. A equipe m\u00e9dica que atua em plant\u00e3o permanente na unidade prisional \u2014 sob supervis\u00e3o da Secretaria de Sa\u00fade do Distrito Federal \u2014 registrou epis\u00f3dios de v\u00f4mito e queda na satura\u00e7\u00e3o de oxig\u00eanio, optando pela transfer\u00eancia hospitalar para avalia\u00e7\u00e3o cl\u00ednica mais detalhada.<\/p>\n\n\n\n<p>Bolsonaro est\u00e1 preso desde 15 de janeiro. O quadro de sa\u00fade segue em observa\u00e7\u00e3o e, at\u00e9 o momento, n\u00e3o foi divulgado boletim m\u00e9dico oficial sobre o estado cl\u00ednico do ex-presidente.<\/p>\n","protected":false},"excerpt":{"rendered":"<p>Fabio Rodrigues-Pozzebom\/ Ag\u00eancia Brasil Ex-presidente apresentou calafrios, v\u00f4mitos e queda na satura\u00e7\u00e3o de oxig\u00eanio durante a madrugada O ex-presidente Jair&hellip;<\/p>\n","protected":false},"author":1,"featured_media":9465,"comment_status":"open","ping_status":"open","sticky":false,"template":"","format":"standard","meta":{"footnotes":""},"categories":[1],"tags":[],"class_list":["post-9464","post","type-post","status-publish","format-standard","has-post-thumbnail","hentry","category-uncategorized"],"_links":{"self":[{"href":"https:\/\/suanoticiaaqui.com.br\/news\/wp-json\/wp\/v2\/posts\/9464","targetHints":{"allow":["GET"]}}],"collection":[{"href":"https:\/\/suanoticiaaqui.com.br\/news\/wp-json\/wp\/v2\/posts"}],"about":[{"href":"https:\/\/suanoticiaaqui.com.br\/news\/wp-json\/wp\/v2\/types\/post"}],"author":[{"embeddable":true,"href":"https:\/\/suanoticiaaqui.com.br\/news\/wp-json\/wp\/v2\/users\/1"}],"replies":[{"embeddable":true,"href":"https:\/\/suanoticiaaqui.com.br\/news\/wp-json\/wp\/v2\/comments?post=9464"}],"version-history":[{"count":1,"href":"https:\/\/suanoticiaaqui.com.br\/news\/wp-json\/wp\/v2\/posts\/9464\/revisions"}],"predecessor-version":[{"id":9466,"href":"https:\/\/suanoticiaaqui.com.br\/news\/wp-json\/wp\/v2\/posts\/9464\/revisions\/9466"}],"wp:featuredmedia":[{"embeddable":true,"href":"https:\/\/suanoticiaaqui.com.br\/news\/wp-json\/wp\/v2\/media\/9465"}],"wp:attachment":[{"href":"https:\/\/suanoticiaaqui.com.br\/news\/wp-json\/wp\/v2\/media?parent=9464"}],"wp:term":[{"taxonomy":"category","embeddable":true,"href":"https:\/\/suanoticiaaqui.com.br\/news\/wp-json\/wp\/v2\/categories?post=9464"},{"taxonomy":"post_tag","embeddable":true,"href":"https:\/\/suanoticiaaqui.com.br\/news\/wp-json\/wp\/v2\/tags?post=9464"}],"curies":[{"name":"wp","href":"https:\/\/api.w.org\/{rel}","templated":true}]}}