{"id":9467,"date":"2026-03-13T16:35:23","date_gmt":"2026-03-13T20:35:23","guid":{"rendered":"https:\/\/suanoticiaaqui.com.br\/news\/?p=9467"},"modified":"2026-03-13T16:35:23","modified_gmt":"2026-03-13T20:35:23","slug":"caminhonete-hilux-e-furtada-durante-reuniao-no-sindicato-rural-de-amambai","status":"publish","type":"post","link":"https:\/\/suanoticiaaqui.com.br\/news\/2026\/03\/13\/caminhonete-hilux-e-furtada-durante-reuniao-no-sindicato-rural-de-amambai\/","title":{"rendered":"Caminhonete Hilux \u00e9 furtada durante reuni\u00e3o no Sindicato Rural de Amambai"},"content":{"rendered":"\n<p>Caso \u00e9 investigado pela Pol\u00edcia Civil de Amambai; Foto: Divulga\u00e7\u00e3o\/PC<\/p>\n\n\n\n<ul class=\"wp-block-list\">\n<li>\u00a0Luiz Guilherme e Sidnei Bronka<\/li>\n<\/ul>\n\n\n\n<p>Uma caminhonete foi furtada na noite de quarta-feira (11\/3), em frente ao Sindicato Rural de Amambai. O caso foi registrado na madrugada desta quinta (12\/3), na Delegacia de PC (Pol\u00edcia Civil) do munic\u00edpio.<\/p>\n\n\n\n<p>De acordo com o boletim de ocorr\u00eancia, o propriet\u00e1rio do ve\u00edculo, um homem de 46 anos, relatou que chegou ao local por volta das 19h para participar de uma reuni\u00e3o e deixou o ve\u00edculo estacionado do lado de fora do pr\u00e9dio.<\/p>\n\n\n\n<p>Ao t\u00e9rmino do encontro, por volta das 23h55, ele saiu para ir embora e percebeu que o autom\u00f3vel n\u00e3o estava mais no local onde havia sido estacionado.<\/p>\n\n\n\n<p>A caminhonete furtada \u00e9 uma Toyota Hilux branca, ano 2017, com placas de Amambai. Ap\u00f3s o registro da ocorr\u00eancia, equipes policiais realizaram buscas nas imedia\u00e7\u00f5es, por\u00e9m o ve\u00edculo n\u00e3o foi localizado.<\/p>\n\n\n\n<p>O caso foi encaminhado para a Pol\u00edcia Civil, que dever\u00e1 conduzir as investiga\u00e7\u00f5es para identificar o autor do furto e tentar recuperar o ve\u00edculo.<\/p>\n\n\n\n<p>At\u00e9 o momento, ningu\u00e9m foi preso e o autor do crime ainda n\u00e3o foi identificado.<\/p>\n","protected":false},"excerpt":{"rendered":"<p>Caso \u00e9 investigado pela Pol\u00edcia Civil de Amambai; Foto: Divulga\u00e7\u00e3o\/PC Uma caminhonete foi furtada na noite de quarta-feira (11\/3), em&hellip;<\/p>\n","protected":false},"author":1,"featured_media":9468,"comment_status":"open","ping_status":"open","sticky":false,"template":"","format":"standard","meta":{"footnotes":""},"categories":[1],"tags":[],"class_list":["post-9467","post","type-post","status-publish","format-standard","has-post-thumbnail","hentry","category-uncategorized"],"_links":{"self":[{"href":"https:\/\/suanoticiaaqui.com.br\/news\/wp-json\/wp\/v2\/posts\/9467","targetHints":{"allow":["GET"]}}],"collection":[{"href":"https:\/\/suanoticiaaqui.com.br\/news\/wp-json\/wp\/v2\/posts"}],"about":[{"href":"https:\/\/suanoticiaaqui.com.br\/news\/wp-json\/wp\/v2\/types\/post"}],"author":[{"embeddable":true,"href":"https:\/\/suanoticiaaqui.com.br\/news\/wp-json\/wp\/v2\/users\/1"}],"replies":[{"embeddable":true,"href":"https:\/\/suanoticiaaqui.com.br\/news\/wp-json\/wp\/v2\/comments?post=9467"}],"version-history":[{"count":1,"href":"https:\/\/suanoticiaaqui.com.br\/news\/wp-json\/wp\/v2\/posts\/9467\/revisions"}],"predecessor-version":[{"id":9469,"href":"https:\/\/suanoticiaaqui.com.br\/news\/wp-json\/wp\/v2\/posts\/9467\/revisions\/9469"}],"wp:featuredmedia":[{"embeddable":true,"href":"https:\/\/suanoticiaaqui.com.br\/news\/wp-json\/wp\/v2\/media\/9468"}],"wp:attachment":[{"href":"https:\/\/suanoticiaaqui.com.br\/news\/wp-json\/wp\/v2\/media?parent=9467"}],"wp:term":[{"taxonomy":"category","embeddable":true,"href":"https:\/\/suanoticiaaqui.com.br\/news\/wp-json\/wp\/v2\/categories?post=9467"},{"taxonomy":"post_tag","embeddable":true,"href":"https:\/\/suanoticiaaqui.com.br\/news\/wp-json\/wp\/v2\/tags?post=9467"}],"curies":[{"name":"wp","href":"https:\/\/api.w.org\/{rel}","templated":true}]}}