{"id":9627,"date":"2026-09-04T16:52:12","date_gmt":"2026-09-04T20:52:12","guid":{"rendered":"https:\/\/suanoticiaaqui.com.br\/news\/?p=9627"},"modified":"2026-09-04T16:52:12","modified_gmt":"2026-09-04T20:52:12","slug":"operacao-apreende-maconha-prende-foragido-e-lacra-conveniencia-e-lava-jato","status":"publish","type":"post","link":"https:\/\/suanoticiaaqui.com.br\/news\/2026\/09\/04\/operacao-apreende-maconha-prende-foragido-e-lacra-conveniencia-e-lava-jato\/","title":{"rendered":"Opera\u00e7\u00e3o apreende maconha, prende foragido e lacra conveni\u00eancia e lava-jato"},"content":{"rendered":"\n<p class=\"wp-block-paragraph\">Indiv\u00edduo com mamado de pris\u00e3o em aberto acabou preso durante a opera\u00e7\u00e3o; Fotos: Divulga\u00e7\u00e3o\/PC<\/p>\n\n\n\n<ul class=\"wp-block-list\">\n<li>\u00a0por Ligado na Noticia<\/li>\n<\/ul>\n\n\n\n<p class=\"wp-block-paragraph\">Opera\u00e7\u00e3o da PC (Pol\u00edcia Civil) nesta quinta-feira (3\/9), apreendeu 522 gramas de maconha, cumpriu um mandado de pris\u00e3o preventiva e terminou com dois estabelecimentos lacrados no Jardim Rancho Alegre, em Campo Grande. A a\u00e7\u00e3o aconteceu ap\u00f3s a pol\u00edcia receber den\u00fancias de que uma conveni\u00eancia e um lava-jato estariam sendo utilizados como pontos de venda de drogas.<\/p>\n\n\n\n<p class=\"wp-block-paragraph\">As den\u00fancias relatavam ainda uma intensa movimenta\u00e7\u00e3o de pessoas nos locais durante a noite, al\u00e9m de poss\u00edveis situa\u00e7\u00f5es de consumo de entorpecentes, som alto e presen\u00e7a de indiv\u00edduos que estariam portando armas de forma ostensiva.<\/p>\n\n\n\n<p class=\"wp-block-paragraph\">Durante a fiscaliza\u00e7\u00e3o na conveni\u00eancia, os agentes encontraram, al\u00e9m da maconha, bebidas com suspeita de falsifica\u00e7\u00e3o, cigarros de origem estrangeira, joias, dinheiro em esp\u00e9cie e anota\u00e7\u00f5es que, segundo a Pol\u00edcia Civil, podem ter rela\u00e7\u00e3o com uma poss\u00edvel pr\u00e1tica de agiotagem e extors\u00e3o. O material foi apreendido e ser\u00e1 analisado pelos investigadores.<\/p>\n\n\n\n<p class=\"wp-block-paragraph\">No interior de um dos estabelecimentos tamb\u00e9m foi localizado A.S.A.A., de 27 anos. Contra ele havia um mandado de pris\u00e3o preventiva, que foi cumprido durante a opera\u00e7\u00e3o. Conforme a pol\u00edcia, ele \u00e9 suspeito de envolvimento em diferentes crimes, entre eles tr\u00e1fico de drogas na regi\u00e3o da Vila Fernanda.<\/p>\n\n\n\n<p class=\"wp-block-paragraph\">A pol\u00edcia tamb\u00e9m investiga se o suspeito teria participa\u00e7\u00e3o em outros delitos, incluindo furtos contra empresas da regi\u00e3o.<\/p>\n\n\n\n<p class=\"wp-block-paragraph\">Os propriet\u00e1rios da conveni\u00eancia e do lava-jato n\u00e3o estavam nos locais durante a fiscaliza\u00e7\u00e3o. Eles foram identificados e dever\u00e3o prestar esclarecimentos no decorrer da investiga\u00e7\u00e3o, inclusive sobre eventual responsabilidade pelas irregularidades encontradas nos estabelecimentos.<\/p>\n\n\n\n<p class=\"wp-block-paragraph\">Ao final da a\u00e7\u00e3o, os dois im\u00f3veis foram lacrados administrativamente pelo Procon.<\/p>\n\n\n\n<p class=\"wp-block-paragraph\">A Pol\u00edcia Civil informou que as investiga\u00e7\u00f5es continuam e novas dilig\u00eancias dever\u00e3o ser realizadas para esclarecer os fatos, identificar a eventual participa\u00e7\u00e3o de outras pessoas e definir as medidas legais cab\u00edveis.<\/p>\n\n\n\n<figure class=\"wp-block-image\"><a class=\"gallery-item\" href=\"https:\/\/ligadonanoticia.com.br\/media\/editorjs\/26eb3b94_45e0_4be9_8129_bf3a81686bc9_1788527493,8315.jpg\"><img decoding=\"async\" src=\"https:\/\/ligadonanoticia.com.br\/media\/editorjs\/26eb3b94_45e0_4be9_8129_bf3a81686bc9_1788527493,8315.jpg\" alt=\"\"\/><\/a><\/figure>\n","protected":false},"excerpt":{"rendered":"<p>Indiv\u00edduo com mamado de pris\u00e3o em aberto acabou preso durante a opera\u00e7\u00e3o; Fotos: Divulga\u00e7\u00e3o\/PC Opera\u00e7\u00e3o da PC (Pol\u00edcia Civil) nesta&hellip;<\/p>\n","protected":false},"author":1,"featured_media":9628,"comment_status":"open","ping_status":"open","sticky":false,"template":"","format":"standard","meta":{"footnotes":""},"categories":[1],"tags":[],"class_list":["post-9627","post","type-post","status-publish","format-standard","has-post-thumbnail","hentry","category-uncategorized"],"_links":{"self":[{"href":"https:\/\/suanoticiaaqui.com.br\/news\/wp-json\/wp\/v2\/posts\/9627","targetHints":{"allow":["GET"]}}],"collection":[{"href":"https:\/\/suanoticiaaqui.com.br\/news\/wp-json\/wp\/v2\/posts"}],"about":[{"href":"https:\/\/suanoticiaaqui.com.br\/news\/wp-json\/wp\/v2\/types\/post"}],"author":[{"embeddable":true,"href":"https:\/\/suanoticiaaqui.com.br\/news\/wp-json\/wp\/v2\/users\/1"}],"replies":[{"embeddable":true,"href":"https:\/\/suanoticiaaqui.com.br\/news\/wp-json\/wp\/v2\/comments?post=9627"}],"version-history":[{"count":1,"href":"https:\/\/suanoticiaaqui.com.br\/news\/wp-json\/wp\/v2\/posts\/9627\/revisions"}],"predecessor-version":[{"id":9629,"href":"https:\/\/suanoticiaaqui.com.br\/news\/wp-json\/wp\/v2\/posts\/9627\/revisions\/9629"}],"wp:featuredmedia":[{"embeddable":true,"href":"https:\/\/suanoticiaaqui.com.br\/news\/wp-json\/wp\/v2\/media\/9628"}],"wp:attachment":[{"href":"https:\/\/suanoticiaaqui.com.br\/news\/wp-json\/wp\/v2\/media?parent=9627"}],"wp:term":[{"taxonomy":"category","embeddable":true,"href":"https:\/\/suanoticiaaqui.com.br\/news\/wp-json\/wp\/v2\/categories?post=9627"},{"taxonomy":"post_tag","embeddable":true,"href":"https:\/\/suanoticiaaqui.com.br\/news\/wp-json\/wp\/v2\/tags?post=9627"}],"curies":[{"name":"wp","href":"https:\/\/api.w.org\/{rel}","templated":true}]}}