{"id":9640,"date":"2026-09-04T17:00:30","date_gmt":"2026-09-04T21:00:30","guid":{"rendered":"https:\/\/suanoticiaaqui.com.br\/news\/?p=9640"},"modified":"2026-09-04T17:00:30","modified_gmt":"2026-09-04T21:00:30","slug":"ponte-de-270-metros-comeca-a-tomar-forma-em-ferrovia-da-araucoestrutura-sobre-o-corrego-sao-mateus-faz-parte-do-ramal-que-ligara-fabrica-de-celulose-a-malha-norte","status":"publish","type":"post","link":"https:\/\/suanoticiaaqui.com.br\/news\/2026\/09\/04\/ponte-de-270-metros-comeca-a-tomar-forma-em-ferrovia-da-araucoestrutura-sobre-o-corrego-sao-mateus-faz-parte-do-ramal-que-ligara-fabrica-de-celulose-a-malha-norte\/","title":{"rendered":"Ponte de 270 metros come\u00e7a a tomar forma em ferrovia da AraucoEstrutura sobre o C\u00f3rrego S\u00e3o Mateus faz parte do ramal que ligar\u00e1 f\u00e1brica de celulose \u00e0 Malha Norte"},"content":{"rendered":"\n<p class=\"wp-block-paragraph\">Ponte ferrovi\u00e1ria come\u00e7a a tomar forma sobre o C\u00f3rrego S\u00e3o Mateus (Foto: redes sociais\/divulga\u00e7\u00e3o)<\/p>\n\n\n\n<p class=\"wp-block-paragraph\">Por Viviane Oliveira<\/p>\n\n\n\n<p class=\"wp-block-paragraph\">Ponte ferrovi\u00e1ria de aproximadamente 270 metros come\u00e7ou a tomar forma sobre o C\u00f3rrego S\u00e3o Mateus, em Inoc\u00eancia, a 331 quil\u00f4metros de Campo Grande. A obra integra o ramal que atender\u00e1 \u00e0 f\u00e1brica de celulose da Arauco e est\u00e1 entre as maiores interven\u00e7\u00f5es previstas no tra\u00e7ado.<\/p>\n\n\n\n<p class=\"wp-block-paragraph\"><\/p>\n\n\n\n<p class=\"wp-block-paragraph\">Os trabalhos envolvem funda\u00e7\u00f5es, pilares e o posicionamento de grandes vigas que dar\u00e3o sustenta\u00e7\u00e3o \u00e0 passagem dos trens sobre o curso d&#8217;\u00e1gua.<br>Oper\u00e1rios comemoram 1 milh\u00e3o de horas trabalhadas em obra de gigante da celulose<br>Arauco recebe primeiros vag\u00f5es para escoar celulose de f\u00e1brica em Inoc\u00eancia<br>A linha ligar\u00e1 diretamente o Projeto Sucuri\u00fa \u00e0 Malha Norte, operada pela Rumo, permitindo que a celulose produzida em Inoc\u00eancia siga pelos trilhos at\u00e9 o Porto de Santos (SP) para exporta\u00e7\u00e3o.<\/p>\n\n\n\n<p class=\"wp-block-paragraph\">Depois do avan\u00e7o da terraplanagem, iniciada neste ano, obras de maior porte come\u00e7am a aparecer ao longo do percurso. O projeto tamb\u00e9m prev\u00ea passagens inferiores e superiores, adequa\u00e7\u00e3o de acessos, remanejamentos vi\u00e1rios e pontos destinados \u00e0 circula\u00e7\u00e3o da fauna.<\/p>\n","protected":false},"excerpt":{"rendered":"<p>Ponte ferrovi\u00e1ria come\u00e7a a tomar forma sobre o C\u00f3rrego S\u00e3o Mateus (Foto: redes sociais\/divulga\u00e7\u00e3o) Por Viviane Oliveira Ponte ferrovi\u00e1ria de&hellip;<\/p>\n","protected":false},"author":1,"featured_media":9641,"comment_status":"open","ping_status":"open","sticky":false,"template":"","format":"standard","meta":{"footnotes":""},"categories":[1],"tags":[],"class_list":["post-9640","post","type-post","status-publish","format-standard","has-post-thumbnail","hentry","category-uncategorized"],"_links":{"self":[{"href":"https:\/\/suanoticiaaqui.com.br\/news\/wp-json\/wp\/v2\/posts\/9640","targetHints":{"allow":["GET"]}}],"collection":[{"href":"https:\/\/suanoticiaaqui.com.br\/news\/wp-json\/wp\/v2\/posts"}],"about":[{"href":"https:\/\/suanoticiaaqui.com.br\/news\/wp-json\/wp\/v2\/types\/post"}],"author":[{"embeddable":true,"href":"https:\/\/suanoticiaaqui.com.br\/news\/wp-json\/wp\/v2\/users\/1"}],"replies":[{"embeddable":true,"href":"https:\/\/suanoticiaaqui.com.br\/news\/wp-json\/wp\/v2\/comments?post=9640"}],"version-history":[{"count":1,"href":"https:\/\/suanoticiaaqui.com.br\/news\/wp-json\/wp\/v2\/posts\/9640\/revisions"}],"predecessor-version":[{"id":9642,"href":"https:\/\/suanoticiaaqui.com.br\/news\/wp-json\/wp\/v2\/posts\/9640\/revisions\/9642"}],"wp:featuredmedia":[{"embeddable":true,"href":"https:\/\/suanoticiaaqui.com.br\/news\/wp-json\/wp\/v2\/media\/9641"}],"wp:attachment":[{"href":"https:\/\/suanoticiaaqui.com.br\/news\/wp-json\/wp\/v2\/media?parent=9640"}],"wp:term":[{"taxonomy":"category","embeddable":true,"href":"https:\/\/suanoticiaaqui.com.br\/news\/wp-json\/wp\/v2\/categories?post=9640"},{"taxonomy":"post_tag","embeddable":true,"href":"https:\/\/suanoticiaaqui.com.br\/news\/wp-json\/wp\/v2\/tags?post=9640"}],"curies":[{"name":"wp","href":"https:\/\/api.w.org\/{rel}","templated":true}]}}