{"id":9643,"date":"2026-09-04T17:01:36","date_gmt":"2026-09-04T21:01:36","guid":{"rendered":"https:\/\/suanoticiaaqui.com.br\/news\/?p=9643"},"modified":"2026-09-04T17:01:36","modified_gmt":"2026-09-04T21:01:36","slug":"criminoso-invade-comercio-arromba-porta-e-foge-com-ferramentas-e-celular","status":"publish","type":"post","link":"https:\/\/suanoticiaaqui.com.br\/news\/2026\/09\/04\/criminoso-invade-comercio-arromba-porta-e-foge-com-ferramentas-e-celular\/","title":{"rendered":"Criminoso invade com\u00e9rcio, arromba porta e foge com ferramentas e celular"},"content":{"rendered":"\n<p class=\"wp-block-paragraph\">Foto: Arquivo\/Leandro Holsbach<\/p>\n\n\n\n<ul class=\"wp-block-list\">\n<li>Luiz Guilherme<\/li>\n<\/ul>\n\n\n\n<p class=\"wp-block-paragraph\">Empres\u00e1ria de 42 anos teve o estabelecimento comercial alvo de furto durante a madrugada desta quinta-feira (3\/9), em Dourados. O preju\u00edzo inclui diversas ferramentas, um aparelho celular, dois carregadores e R$ 25 em dinheiro que estavam no caixa.<\/p>\n\n\n\n<p class=\"wp-block-paragraph\">Segundo o boletim de ocorr\u00eancia, a propriet\u00e1ria chegou ao com\u00e9rcio por volta das 7h30 para iniciar o expediente e encontrou a porta da frente aberta. Ao verificar o local, constatou que a fechadura da porta de vidro havia sido danificada.<\/p>\n\n\n\n<p class=\"wp-block-paragraph\">As imagens do sistema de monitoramento mostraram que a invas\u00e3o ocorreu por volta das 3h13. O suspeito, de baixa estatura, usava shorts jeans, moletom azul com capuz e bon\u00e9 cobrindo o rosto. Ele chegou ao local utilizando uma bicicleta do tipo mountain bike com suspens\u00e3o traseira.<\/p>\n\n\n\n<p class=\"wp-block-paragraph\">Ap\u00f3s arrombar a fechadura, o criminoso entrou no estabelecimento e recolheu diversas ferramentas, al\u00e9m de um aparelho celular, dois carregadores e R$ 25 em esp\u00e9cie. Em seguida, deixou o local na bicicleta.<\/p>\n\n\n\n<p class=\"wp-block-paragraph\">O caso foi registrado na Delegacia de PC (Pol\u00edcia Civil) de Dourados como furto, que investigar\u00e1 a autoria do crime com base nas imagens das c\u00e2meras de seguran\u00e7a e demais elementos coletados durante a apura\u00e7\u00e3o.<\/p>\n","protected":false},"excerpt":{"rendered":"<p>Foto: Arquivo\/Leandro Holsbach Empres\u00e1ria de 42 anos teve o estabelecimento comercial alvo de furto durante a madrugada desta quinta-feira (3\/9),&hellip;<\/p>\n","protected":false},"author":1,"featured_media":9644,"comment_status":"open","ping_status":"open","sticky":false,"template":"","format":"standard","meta":{"footnotes":""},"categories":[1],"tags":[],"class_list":["post-9643","post","type-post","status-publish","format-standard","has-post-thumbnail","hentry","category-uncategorized"],"_links":{"self":[{"href":"https:\/\/suanoticiaaqui.com.br\/news\/wp-json\/wp\/v2\/posts\/9643","targetHints":{"allow":["GET"]}}],"collection":[{"href":"https:\/\/suanoticiaaqui.com.br\/news\/wp-json\/wp\/v2\/posts"}],"about":[{"href":"https:\/\/suanoticiaaqui.com.br\/news\/wp-json\/wp\/v2\/types\/post"}],"author":[{"embeddable":true,"href":"https:\/\/suanoticiaaqui.com.br\/news\/wp-json\/wp\/v2\/users\/1"}],"replies":[{"embeddable":true,"href":"https:\/\/suanoticiaaqui.com.br\/news\/wp-json\/wp\/v2\/comments?post=9643"}],"version-history":[{"count":1,"href":"https:\/\/suanoticiaaqui.com.br\/news\/wp-json\/wp\/v2\/posts\/9643\/revisions"}],"predecessor-version":[{"id":9645,"href":"https:\/\/suanoticiaaqui.com.br\/news\/wp-json\/wp\/v2\/posts\/9643\/revisions\/9645"}],"wp:featuredmedia":[{"embeddable":true,"href":"https:\/\/suanoticiaaqui.com.br\/news\/wp-json\/wp\/v2\/media\/9644"}],"wp:attachment":[{"href":"https:\/\/suanoticiaaqui.com.br\/news\/wp-json\/wp\/v2\/media?parent=9643"}],"wp:term":[{"taxonomy":"category","embeddable":true,"href":"https:\/\/suanoticiaaqui.com.br\/news\/wp-json\/wp\/v2\/categories?post=9643"},{"taxonomy":"post_tag","embeddable":true,"href":"https:\/\/suanoticiaaqui.com.br\/news\/wp-json\/wp\/v2\/tags?post=9643"}],"curies":[{"name":"wp","href":"https:\/\/api.w.org\/{rel}","templated":true}]}}