{"id":9652,"date":"2026-09-04T17:04:31","date_gmt":"2026-09-04T21:04:31","guid":{"rendered":"https:\/\/suanoticiaaqui.com.br\/news\/?p=9652"},"modified":"2026-09-04T17:04:31","modified_gmt":"2026-09-04T21:04:31","slug":"alcolumbre-diz-que-senado-vota-fim-da-escala-6x1-apos-as-eleicoes","status":"publish","type":"post","link":"https:\/\/suanoticiaaqui.com.br\/news\/2026\/09\/04\/alcolumbre-diz-que-senado-vota-fim-da-escala-6x1-apos-as-eleicoes\/","title":{"rendered":"Alcolumbre diz que Senado vota fim da escala 6&#215;1 ap\u00f3s as elei\u00e7\u00f5es"},"content":{"rendered":"\n<p class=\"wp-block-paragraph\">Foto por Agencia Brasil<\/p>\n\n\n\n<ul class=\"wp-block-list\">\n<li>\u00a0Ag\u00eancia Brasil<\/li>\n<\/ul>\n\n\n\n<p class=\"wp-block-paragraph\">O presidente do Senado Federal, Davi Alcolumbre (Uni\u00e3o-AP), afirmou nesta quinta-feira (3) que a Proposta de Emenda Constitucional (PEC) que prev\u00ea o fim da escala 6&#215;1 e a redu\u00e7\u00e3o da jornada de trabalho de 44 para 40 horas semanais ser\u00e1 votada ap\u00f3s as elei\u00e7\u00f5es.<\/p>\n\n\n\n<p class=\"wp-block-paragraph\">A declara\u00e7\u00e3o ocorreu durante sess\u00e3o deliberativa no plen\u00e1rio da Casa, em resposta a um apelo feito pelo senador Paulo Paim (PT-RS), que anunciou a aposentadoria e cumpre o \u00faltimo mandato parlamentar no Congresso Nacional.<\/p>\n\n\n\n<p class=\"wp-block-paragraph\">Em discurso na tribuna, o senador ga\u00facho lembrou de sua trajet\u00f3ria pol\u00edtica e destacou ter lutado, como constituinte, pela redu\u00e7\u00e3o da jornada de trabalho de 48 para 44 horas semanais, inclu\u00edda na Constitui\u00e7\u00e3o Federal de 1988.<\/p>\n\n\n\n<p class=\"wp-block-paragraph\">&#8220;N\u00e3o podemos mais esperar. Por que esperar? Vamos resolver, como na Constituinte de 1988, [quando] alcan\u00e7amos as 44 horas semanais [de jornada m\u00e1xima semanal de trabalho]. Foi um passo gigantesco para a \u00e9poca e hoje, quase quatro d\u00e9cadas depois, estamos diante de uma nova oportunidade hist\u00f3rica.&#8221;<\/p>\n\n\n\n<p class=\"wp-block-paragraph\">O senador apelou aos parlamentares que o momento \u00e9 agora. &#8220;Chegou a hora de eu ir pra casa, mas eu queria muito, faltam tr\u00eas meses [para o fim do mandato], ir para casa e depois para a porta de f\u00e1brica e dizer a todos: &#8216;temos agora as 40 horas semanais para toda nossa gente'&#8221;, acrescentou Paim.<\/p>\n\n\n\n<p class=\"wp-block-paragraph\">Em seguida, ap\u00f3s deixar a tribuna e cumprimentar Alcolumbre, o presidente do Senado se manifestou sobre a vota\u00e7\u00e3o da PEC.<\/p>\n\n\n\n<p class=\"wp-block-paragraph\">&#8220;Quero aproveitar essa oportunidade que o senador Paulo Paim est\u00e1 aqui na mesa e veio me dar um abra\u00e7o, para dizer para vossa excel\u00eancia e para o Brasil, que vossa excel\u00eancia estar\u00e1 aqui votando, ap\u00f3s as elei\u00e7\u00f5es, o fim da escala 6&#215;1 no plen\u00e1rio do Senado Federal.&#8221;<\/p>\n\n\n\n<p class=\"wp-block-paragraph\">Nessa quarta-feira (2), sem ter garantia sobre os votos necess\u00e1rios para aprovar a PEC, e sob obstru\u00e7\u00e3o da oposi\u00e7\u00e3o, a base do governo no Senado decidiu n\u00e3o arriscar aprecia\u00e7\u00e3o do texto em plen\u00e1rio, processo que exige 49 votos em dois turnos.<\/p>\n\n\n\n<p class=\"wp-block-paragraph\">O texto passou apenas pela Comiss\u00e3o de Constitui\u00e7\u00e3o e Justi\u00e7a (CCJ). A previs\u00e3o \u00e9 que o novo esfor\u00e7o concentrado de vota\u00e7\u00e3o legislativa ocorra na segunda semana de outubro. O primeiro turno est\u00e1 marcado para 4 de outubro e um eventual segundo turno, para 25 de outubro.<\/p>\n","protected":false},"excerpt":{"rendered":"<p>Foto por Agencia Brasil O presidente do Senado Federal, Davi Alcolumbre (Uni\u00e3o-AP), afirmou nesta quinta-feira (3) que a Proposta de&hellip;<\/p>\n","protected":false},"author":1,"featured_media":9653,"comment_status":"open","ping_status":"open","sticky":false,"template":"","format":"standard","meta":{"footnotes":""},"categories":[1],"tags":[],"class_list":["post-9652","post","type-post","status-publish","format-standard","has-post-thumbnail","hentry","category-uncategorized"],"_links":{"self":[{"href":"https:\/\/suanoticiaaqui.com.br\/news\/wp-json\/wp\/v2\/posts\/9652","targetHints":{"allow":["GET"]}}],"collection":[{"href":"https:\/\/suanoticiaaqui.com.br\/news\/wp-json\/wp\/v2\/posts"}],"about":[{"href":"https:\/\/suanoticiaaqui.com.br\/news\/wp-json\/wp\/v2\/types\/post"}],"author":[{"embeddable":true,"href":"https:\/\/suanoticiaaqui.com.br\/news\/wp-json\/wp\/v2\/users\/1"}],"replies":[{"embeddable":true,"href":"https:\/\/suanoticiaaqui.com.br\/news\/wp-json\/wp\/v2\/comments?post=9652"}],"version-history":[{"count":1,"href":"https:\/\/suanoticiaaqui.com.br\/news\/wp-json\/wp\/v2\/posts\/9652\/revisions"}],"predecessor-version":[{"id":9654,"href":"https:\/\/suanoticiaaqui.com.br\/news\/wp-json\/wp\/v2\/posts\/9652\/revisions\/9654"}],"wp:featuredmedia":[{"embeddable":true,"href":"https:\/\/suanoticiaaqui.com.br\/news\/wp-json\/wp\/v2\/media\/9653"}],"wp:attachment":[{"href":"https:\/\/suanoticiaaqui.com.br\/news\/wp-json\/wp\/v2\/media?parent=9652"}],"wp:term":[{"taxonomy":"category","embeddable":true,"href":"https:\/\/suanoticiaaqui.com.br\/news\/wp-json\/wp\/v2\/categories?post=9652"},{"taxonomy":"post_tag","embeddable":true,"href":"https:\/\/suanoticiaaqui.com.br\/news\/wp-json\/wp\/v2\/tags?post=9652"}],"curies":[{"name":"wp","href":"https:\/\/api.w.org\/{rel}","templated":true}]}}