{"id":9658,"date":"2026-09-04T17:06:49","date_gmt":"2026-09-04T21:06:49","guid":{"rendered":"https:\/\/suanoticiaaqui.com.br\/news\/?p=9658"},"modified":"2026-09-04T17:06:49","modified_gmt":"2026-09-04T21:06:49","slug":"confira-a-agenda-dos-presidenciaveis-nesta-sexta-feira","status":"publish","type":"post","link":"https:\/\/suanoticiaaqui.com.br\/news\/2026\/09\/04\/confira-a-agenda-dos-presidenciaveis-nesta-sexta-feira\/","title":{"rendered":"Confira a agenda dos presidenci\u00e1veis nesta sexta-feira"},"content":{"rendered":"\n<p class=\"wp-block-paragraph\">Foto por Agencia Brasil<\/p>\n\n\n\n<ul class=\"wp-block-list\">\n<li>\u00a0Ag\u00eancia Brasil<\/li>\n<\/ul>\n\n\n\n<p class=\"wp-block-paragraph\">A agenda dos presidenci\u00e1veis nesta sexta-feira (4) inclui caminhadas, com\u00edcios e eventos de campanha, al\u00e9m de entrevistas a emissoras de r\u00e1dio e ve\u00edculos de imprensa.&nbsp;<\/p>\n\n\n\n<p class=\"wp-block-paragraph\">Tamb\u00e9m est\u00e3o previstas visitas a institui\u00e7\u00f5es e espa\u00e7os de inova\u00e7\u00e3o, encontros com empres\u00e1rios e representantes do setor produtivo, panfletagem e atividades de apresenta\u00e7\u00e3o de programas eleitorais.<\/p>\n\n\n\n<p class=\"wp-block-paragraph\"><strong>Edmilson Costa (PCB)<\/strong><\/p>\n\n\n\n<p class=\"wp-block-paragraph\">Cumpre agenda da secretaria-geral do PCB em Lisboa.&nbsp;<\/p>\n\n\n\n<p class=\"wp-block-paragraph\"><strong>Fl\u00e1vio Bolsonaro (PL)<\/strong><\/p>\n\n\n\n<p class=\"wp-block-paragraph\">Em S\u00e3o Carlos (SP), visita o Hub de Inova\u00e7\u00e3o ONOVOLAB e faz com\u00edcio em frente ao Mercado Municipal.&nbsp;<\/p>\n\n\n\n<p class=\"wp-block-paragraph\"><strong>Hertz Dias (PSTU)<\/strong><\/p>\n\n\n\n<p class=\"wp-block-paragraph\">Em Alagoinhas (BA), concede entrevistas \u00e0 93FM e \u00e0 R\u00e1dio Ouro Negro FM e faz panfletagem na Central de Abastecimento. \u00c0 noite, participa de conversa de apresenta\u00e7\u00e3o do programa do PSTU.&nbsp;<\/p>\n\n\n\n<p class=\"wp-block-paragraph\"><strong>Luiz In\u00e1cio Lula da Silva (PT)<\/strong><\/p>\n\n\n\n<p class=\"wp-block-paragraph\">Participa de caminhada em Juazeiro do Norte (CE), com sa\u00edda da avenida Castelo Branco.<\/p>\n\n\n\n<p class=\"wp-block-paragraph\"><strong>Renan Santos (Miss\u00e3o)<\/strong><\/p>\n\n\n\n<p class=\"wp-block-paragraph\">Participa de evento de campanha no Teatro Guararapes,em Olinda (PE).&nbsp;<\/p>\n\n\n\n<p class=\"wp-block-paragraph\"><strong>Romeu Zema (Novo)<\/strong><\/p>\n\n\n\n<p class=\"wp-block-paragraph\">Concede entrevista para o jornal Estad\u00e3o. Participa de encontro com representantes da Uni\u00e3o Santa Ifig\u00eania, representa\u00e7\u00e3o institucional do setor produtivo, em S\u00e3o Paulo (SP).&nbsp;<\/p>\n\n\n\n<p class=\"wp-block-paragraph\"><strong>Ronaldo Caiado (PSD)<\/strong><\/p>\n\n\n\n<p class=\"wp-block-paragraph\">Participa de sabatina para Uol e Folha de S.Paulo. Visita o escrit\u00f3rio de engenharia do Google no instituto de pesquisas tecnol\u00f3gicas (IPT), em S\u00e3o Paulo (SP). \u00c0 noite, participa de sabatina para o programa Veja em Foco, da Veja.<\/p>\n\n\n\n<p class=\"wp-block-paragraph\"><strong>Augusto Cury (Avante)<\/strong><\/p>\n\n\n\n<p class=\"wp-block-paragraph\">Em S\u00e3o Jos\u00e9 do Rio Preto (SP), participa de almo\u00e7o com grupo de empres\u00e1rios&nbsp;e de visita \u00e0 Funda\u00e7\u00e3o Faculdade Regional de Medicina. Tamb\u00e9m visita o Mercado Municipal e o Cal\u00e7ad\u00e3o da cidade. \u00c0 noite, participa de evento da Educational School.&nbsp;<\/p>\n\n\n\n<p class=\"wp-block-paragraph\">A candidata&nbsp;Samara Martins (UP)&nbsp;e&nbsp;Wilson Grassi (Democrata)&nbsp;n\u00e3o t\u00eam agenda p\u00fablica de campanha nesta sexta.&nbsp;<\/p>\n\n\n\n<p class=\"wp-block-paragraph\">Os candidatos&nbsp;Clariana Bar\u00e3o (Democracia Crist\u00e3)&nbsp;e&nbsp;Rui Costa Pimenta (PCO)&nbsp;n\u00e3o divulgaram a agenda de campanha at\u00e9 o momento desta publica\u00e7\u00e3o.&nbsp;<\/p>\n\n\n\n<p class=\"wp-block-paragraph\">A ordem de apresenta\u00e7\u00e3o da cobertura da agenda dos candidatos a presidente segue rod\u00edzio di\u00e1rio em ordem alfab\u00e9tica.<\/p>\n","protected":false},"excerpt":{"rendered":"<p>Foto por Agencia Brasil A agenda dos presidenci\u00e1veis nesta sexta-feira (4) inclui caminhadas, com\u00edcios e eventos de campanha, al\u00e9m de&hellip;<\/p>\n","protected":false},"author":1,"featured_media":9659,"comment_status":"open","ping_status":"open","sticky":false,"template":"","format":"standard","meta":{"footnotes":""},"categories":[1],"tags":[],"class_list":["post-9658","post","type-post","status-publish","format-standard","has-post-thumbnail","hentry","category-uncategorized"],"_links":{"self":[{"href":"https:\/\/suanoticiaaqui.com.br\/news\/wp-json\/wp\/v2\/posts\/9658","targetHints":{"allow":["GET"]}}],"collection":[{"href":"https:\/\/suanoticiaaqui.com.br\/news\/wp-json\/wp\/v2\/posts"}],"about":[{"href":"https:\/\/suanoticiaaqui.com.br\/news\/wp-json\/wp\/v2\/types\/post"}],"author":[{"embeddable":true,"href":"https:\/\/suanoticiaaqui.com.br\/news\/wp-json\/wp\/v2\/users\/1"}],"replies":[{"embeddable":true,"href":"https:\/\/suanoticiaaqui.com.br\/news\/wp-json\/wp\/v2\/comments?post=9658"}],"version-history":[{"count":1,"href":"https:\/\/suanoticiaaqui.com.br\/news\/wp-json\/wp\/v2\/posts\/9658\/revisions"}],"predecessor-version":[{"id":9660,"href":"https:\/\/suanoticiaaqui.com.br\/news\/wp-json\/wp\/v2\/posts\/9658\/revisions\/9660"}],"wp:featuredmedia":[{"embeddable":true,"href":"https:\/\/suanoticiaaqui.com.br\/news\/wp-json\/wp\/v2\/media\/9659"}],"wp:attachment":[{"href":"https:\/\/suanoticiaaqui.com.br\/news\/wp-json\/wp\/v2\/media?parent=9658"}],"wp:term":[{"taxonomy":"category","embeddable":true,"href":"https:\/\/suanoticiaaqui.com.br\/news\/wp-json\/wp\/v2\/categories?post=9658"},{"taxonomy":"post_tag","embeddable":true,"href":"https:\/\/suanoticiaaqui.com.br\/news\/wp-json\/wp\/v2\/tags?post=9658"}],"curies":[{"name":"wp","href":"https:\/\/api.w.org\/{rel}","templated":true}]}}