{"id":9661,"date":"2026-09-04T17:07:43","date_gmt":"2026-09-04T21:07:43","guid":{"rendered":"https:\/\/suanoticiaaqui.com.br\/news\/?p=9661"},"modified":"2026-09-04T17:07:43","modified_gmt":"2026-09-04T21:07:43","slug":"jovem-agride-ex-companheira-e-acaba-esfaqueado-em-dourados","status":"publish","type":"post","link":"https:\/\/suanoticiaaqui.com.br\/news\/2026\/09\/04\/jovem-agride-ex-companheira-e-acaba-esfaqueado-em-dourados\/","title":{"rendered":"Jovem agride ex-companheira e acaba esfaqueado em Dourados"},"content":{"rendered":"\n<p class=\"wp-block-paragraph\">Homem foi levado para a receber atendimento na UPA; Foto: Arquivo\/Leandro Holsbach<\/p>\n\n\n\n<ul class=\"wp-block-list\">\n<li>por\u00a0Ligado Na Not\u00edcia<\/li>\n<\/ul>\n\n\n\n<p class=\"wp-block-paragraph\">Jovem de 21 anos foi preso em flagrante ap\u00f3s agredir a ex-namorada, de 25, durante discuss\u00e3o na noite desta quinta-feira (3\/9), motivada por ci\u00fames, em uma resid\u00eancia na Rua Cabral, no Jardim Monte L\u00edbano, em Dourados.&nbsp;<\/p>\n\n\n\n<p class=\"wp-block-paragraph\">Conforme o boletim de ocorr\u00eancia, o rapaz foi at\u00e9 a casa da mulher para conversar sobre uma poss\u00edvel reconcilia\u00e7\u00e3o, e chegando ao local, se deparou com um amigo dela. Diante disso, o homem n\u00e3o teria gostado e passou a agedi-la com tapas e socos no rosto.<\/p>\n\n\n\n<p class=\"wp-block-paragraph\">Ainda durante a briga, o homem teria quebrado o celular da ex-namorada.&nbsp;Em meio \u00e0 confus\u00e3o, a mulher pegou uma faca e desferiu um golpe contra o homem, atingindo a regi\u00e3o do abd\u00f4men.<\/p>\n\n\n\n<p class=\"wp-block-paragraph\">O Samu (Servi\u00e7o de Atendimento M\u00f3vel de Urg\u00eancia) foi acionado e encaminhou o homem ferido para a UPA (Unidade de Pronto Atendimento). Como ele n\u00e3o apresentava ferimentos grave, acabou liberado e levado para a Depac (Delegacia de Pronto Atendimento Comunit\u00e1rio), sendo preso por les\u00e3o corporal dolosa.<\/p>\n\n\n\n<p class=\"wp-block-paragraph\">A mulher tamb\u00e9m foi ouvida pela pol\u00edcia e liberada.<\/p>\n\n\n\n<p class=\"wp-block-paragraph\">Na ocorr\u00eancia, ela aparece tanto como v\u00edtima das agress\u00f5es quanto como autora da les\u00e3o provocada pela facada. No entanto, n\u00e3o houve pris\u00e3o em flagrante contra ela.<\/p>\n","protected":false},"excerpt":{"rendered":"<p>Homem foi levado para a receber atendimento na UPA; Foto: Arquivo\/Leandro Holsbach Jovem de 21 anos foi preso em flagrante&hellip;<\/p>\n","protected":false},"author":1,"featured_media":9662,"comment_status":"open","ping_status":"open","sticky":false,"template":"","format":"standard","meta":{"footnotes":""},"categories":[1],"tags":[],"class_list":["post-9661","post","type-post","status-publish","format-standard","has-post-thumbnail","hentry","category-uncategorized"],"_links":{"self":[{"href":"https:\/\/suanoticiaaqui.com.br\/news\/wp-json\/wp\/v2\/posts\/9661","targetHints":{"allow":["GET"]}}],"collection":[{"href":"https:\/\/suanoticiaaqui.com.br\/news\/wp-json\/wp\/v2\/posts"}],"about":[{"href":"https:\/\/suanoticiaaqui.com.br\/news\/wp-json\/wp\/v2\/types\/post"}],"author":[{"embeddable":true,"href":"https:\/\/suanoticiaaqui.com.br\/news\/wp-json\/wp\/v2\/users\/1"}],"replies":[{"embeddable":true,"href":"https:\/\/suanoticiaaqui.com.br\/news\/wp-json\/wp\/v2\/comments?post=9661"}],"version-history":[{"count":1,"href":"https:\/\/suanoticiaaqui.com.br\/news\/wp-json\/wp\/v2\/posts\/9661\/revisions"}],"predecessor-version":[{"id":9663,"href":"https:\/\/suanoticiaaqui.com.br\/news\/wp-json\/wp\/v2\/posts\/9661\/revisions\/9663"}],"wp:featuredmedia":[{"embeddable":true,"href":"https:\/\/suanoticiaaqui.com.br\/news\/wp-json\/wp\/v2\/media\/9662"}],"wp:attachment":[{"href":"https:\/\/suanoticiaaqui.com.br\/news\/wp-json\/wp\/v2\/media?parent=9661"}],"wp:term":[{"taxonomy":"category","embeddable":true,"href":"https:\/\/suanoticiaaqui.com.br\/news\/wp-json\/wp\/v2\/categories?post=9661"},{"taxonomy":"post_tag","embeddable":true,"href":"https:\/\/suanoticiaaqui.com.br\/news\/wp-json\/wp\/v2\/tags?post=9661"}],"curies":[{"name":"wp","href":"https:\/\/api.w.org\/{rel}","templated":true}]}}