{"id":9664,"date":"2026-09-04T17:08:56","date_gmt":"2026-09-04T21:08:56","guid":{"rendered":"https:\/\/suanoticiaaqui.com.br\/news\/?p=9664"},"modified":"2026-09-04T17:08:56","modified_gmt":"2026-09-04T21:08:56","slug":"brasil-tem-2-milhoes-de-pessoas-que-trabalham-por-meio-de-aplicativos","status":"publish","type":"post","link":"https:\/\/suanoticiaaqui.com.br\/news\/2026\/09\/04\/brasil-tem-2-milhoes-de-pessoas-que-trabalham-por-meio-de-aplicativos\/","title":{"rendered":"Brasil tem 2 milh\u00f5es de pessoas que trabalham por meio de aplicativos"},"content":{"rendered":"\n<p class=\"wp-block-paragraph\">Rendimento-hora \u00e9 12% menor que o dos \u201cn\u00e3o plataformizados\u201d; Foto: Paulo Pinto\/Ag\u00eancia Brasil<\/p>\n\n\n\n<ul class=\"wp-block-list\">\n<li>\u00a0Ag\u00eancia Brasil<\/li>\n<\/ul>\n\n\n\n<p class=\"wp-block-paragraph\">Cerca de 2 milh\u00f5es de pessoas trabalharam por meio de aplicativos (apps) no pa\u00eds em 2025. A imensa maioria deles por conta pr\u00f3pria, com jornadas semanais mais longas que os demais ocupados no setor privado e ganhando menos por hora trabalhada.<\/p>\n\n\n\n<p class=\"wp-block-paragraph\">A constata\u00e7\u00e3o faz parte de uma edi\u00e7\u00e3o sobre trabalho por meio de plataformas digitais da Pesquisa Nacional por Amostra de Domic\u00edlios (Pnad) Cont\u00ednua, divulgada nesta sexta-feira (4) pelo Instituto Brasileiro de Geografia e Estat\u00edstica (IBGE).<\/p>\n\n\n\n<p class=\"wp-block-paragraph\">O IBGE buscou informa\u00e7\u00f5es de pessoas com 14 anos ou mais que utilizam os aplicativos para realizar servi\u00e7os de transporte e entregas. O instituto classifica esses trabalhadores como \u201cplataformizados\u201d.<\/p>\n\n\n\n<p class=\"wp-block-paragraph\">A pesquisa revela que o contingente de 1,959 milh\u00e3o de trabalhadores por apps representavam 1,9% do total de ocupados no pa\u00eds.<\/p>\n\n\n\n<p class=\"wp-block-paragraph\">Cerca de 1,2 milh\u00e3o de trabalhadores plataformizados utilizam apps de transporte de passageiros. Isso representa praticamente seis em cada dez plataformizados (58,9%).<\/p>\n\n\n\n<p class=\"wp-block-paragraph\">Desses, 1,1 milh\u00e3o utilizam as plataformas como Uber e 99, enquanto 232 mil utilizam apps de t\u00e1xi exclusivamente.<\/p>\n\n\n\n<p class=\"wp-block-paragraph\">Um em cada cinco (19,2%) dos plataformizados tinha ocupa\u00e7\u00e3o como entregadores de apps de comida, produtos, etc. Eram 376 mil pessoas que faziam entregas para plataformas como Rappi, iFood, Z\u00e9 Delivery, entre outros.<\/p>\n\n\n\n<p class=\"wp-block-paragraph\">O IBGE mapeou ainda a categoria apps de presta\u00e7\u00e3o de servi\u00e7os gerais ou profissionais, que inclui profiss\u00f5es como designers, tradutores e at\u00e9 telemedicina, quando o m\u00e9dico usa a plataforma digital para captar pacientes e realizar consultas, por exemplo. Em 2025 eram 313 mil pessoas nessa categoria (16% dos plataformizados).<\/p>\n\n\n\n<p class=\"wp-block-paragraph\">A Pnad revela que a atividade econ\u00f4mica classificada como transporte, armazenagem e correios \u00e9 a que tem maior participa\u00e7\u00e3o de plataformizados, 75%. Ou seja, de cada quatro trabalhadores desse setor, tr\u00eas utilizam os apps.<\/p>\n\n\n\n<p class=\"wp-block-paragraph\"><strong>Aumento ao longo dos anos<\/strong><\/p>\n\n\n\n<p class=\"wp-block-paragraph\">O IBGE detalha que a Pnad sobre trabalho por plataforma ainda \u00e9 experimental, ou seja, em fase de teste e sob avalia\u00e7\u00e3o. O levantamento j\u00e1 foi realizado em 2022 e 2024.<\/p>\n\n\n\n<p class=\"wp-block-paragraph\">Diferentemente de 2025, as edi\u00e7\u00f5es anteriores buscaram informa\u00e7\u00e3o apenas dos trabalhadores que tinham os apps como ocupa\u00e7\u00e3o principal, ou seja, a pesquisa deixou de fora aquelas que usavam os aplicativos como renda complementar. Por isso, o n\u00famero de 2 milh\u00f5es de plataformizados em 2025 n\u00e3o pode ser comparado com anos anteriores.<\/p>\n\n\n\n<p class=\"wp-block-paragraph\">Ao se levar em considera\u00e7\u00e3o apenas os trabalhadores que tinham nos apps a ocupa\u00e7\u00e3o principal, o n\u00famero de 2025 chega a 1,8 milh\u00e3o. Esse dado pode ser comparado com as Pnad anteriores.<\/p>\n\n\n\n<p class=\"wp-block-paragraph\"><strong>Trabalhadores que tinham os apps como ocupa\u00e7\u00e3o principal:<\/strong><\/p>\n\n\n\n<p class=\"wp-block-paragraph\">2022: 1,3 milh\u00e3o<\/p>\n\n\n\n<p class=\"wp-block-paragraph\">2024: 1,7 milh\u00e3o<\/p>\n\n\n\n<p class=\"wp-block-paragraph\">2025: 1,8 milh\u00e3o<\/p>\n\n\n\n<p class=\"wp-block-paragraph\">Dessa forma, o n\u00famero representa um crescimento de 9,1% em um ano e 36,8% em tr\u00eas anos.<\/p>\n\n\n\n<p class=\"wp-block-paragraph\">Comparando apenas 2024 e 2025, o n\u00famero de entregadores de app cresceu 18,6%. Foi a \u00fanica ocupa\u00e7\u00e3o que teve varia\u00e7\u00e3o na casa de dois d\u00edgitos.<\/p>\n\n\n\n<p class=\"wp-block-paragraph\"><strong>Motiva\u00e7\u00e3o<\/strong><\/p>\n\n\n\n<p class=\"wp-block-paragraph\">Em 2025, de cada 100 pessoas que tinham nos apps a ocupa\u00e7\u00e3o principal, 84,4 eram do sexo masculino. Em rela\u00e7\u00e3o \u00e0 idade, 47% tinham de 25 a 39 anos.<\/p>\n\n\n\n<p class=\"wp-block-paragraph\">Ao realizar as entrevistas, o IBGE procurou saber o motivo principal que levou as pessoas a trabalharem por meio das plataformas.<\/p>\n\n\n\n<p class=\"wp-block-paragraph\">Especificamente entre os que atuam com apps de transporte (exceto t\u00e1xi) e entregadores, o motivo principal foi n\u00e3o conseguir encontrar outro trabalho. As outra motiva\u00e7\u00f5es apontadas foram flexibilidade e rendimento maior do que em outros trabalhos dispon\u00edveis.<\/p>\n\n\n\n<p class=\"wp-block-paragraph\"><strong>Jornadas mais longas<\/strong><\/p>\n\n\n\n<p class=\"wp-block-paragraph\">Em 2025, o rendimento m\u00e9dio mensal do trabalho principal do plataformizados foi de R$ 3.147, mesmo patamar dos n\u00e3o plataformizados (R$ 3,148).<\/p>\n\n\n\n<p class=\"wp-block-paragraph\">Esses valores representaram aumento real (j\u00e1 descontada a infla\u00e7\u00e3o) de 4,1% para os n\u00e3o plataformizados e estabilidade para os plataformizados, que ganhavam R$ 3.151 em 2024.<\/p>\n\n\n\n<p class=\"wp-block-paragraph\">O IBGE explica que os valores s\u00e3o exatamente o que \u00e9 \u201cretirado\u201d pelos plataformizados, ou seja, o saldo ap\u00f3s o motorista pagar custos com gasolina para o carro, por exemplo.<\/p>\n\n\n\n<p class=\"wp-block-paragraph\">Os trabalhadores por aplicativo tinham em 2025 jornada semanal de 44,7 horas, superior \u00e0 dos n\u00e3o plataformizados (39,3 horas). S\u00e3o 5,4 horas de diferen\u00e7a.<\/p>\n\n\n\n<p class=\"wp-block-paragraph\">O fato de as duas classes terem rendimentos no mesmo patamar e diferen\u00e7a na jornada faz com que o rendimento-hora m\u00e9dio do trabalhador de app seja menor. Eles recebiam R$ 16,2 por hora, 12% menos que os n\u00e3o plataformizados (R$ 18,4\/hora).<\/p>\n\n\n\n<p class=\"wp-block-paragraph\"><strong>Informalidade<\/strong><\/p>\n\n\n\n<p class=\"wp-block-paragraph\">A pesquisa mostra que os trabalhadores por app vivenciavam mais a informalidade e tinham menos cobertura previdenci\u00e1ria.<\/p>\n\n\n\n<p class=\"wp-block-paragraph\"><strong>Plataformizados:<\/strong><\/p>\n\n\n\n<p class=\"wp-block-paragraph\">72,1% na informalidade<\/p>\n\n\n\n<p class=\"wp-block-paragraph\">34% com cobertura previdenci\u00e1ria<\/p>\n\n\n\n<p class=\"wp-block-paragraph\"><strong>N\u00e3o plataformizados:<\/strong><\/p>\n\n\n\n<p class=\"wp-block-paragraph\">42,7% na informalidade<\/p>\n\n\n\n<p class=\"wp-block-paragraph\">63% com cobertura previdenci\u00e1ria<\/p>\n\n\n\n<p class=\"wp-block-paragraph\">O IBGE considera informais os empregados sem carteira assinada e aut\u00f4nomos sem CNPJ, por exemplo. S\u00e3o pessoas sem a garantia de direitos trabalhistas, como f\u00e9rias e 13\u00ba sal\u00e1rio.<\/p>\n\n\n\n<p class=\"wp-block-paragraph\">J\u00e1 ao contribuir para institutos de previd\u00eancia, o trabalhador adquire garantias, como aposentadoria, benef\u00edcio por incapacidade e pens\u00e3o por morte.<\/p>\n\n\n\n<p class=\"wp-block-paragraph\"><strong>Conta pr\u00f3pria, mas dependente<\/strong><\/p>\n\n\n\n<p class=\"wp-block-paragraph\">Aproximadamente 1,6 mil de pessoas ocupadas por aplicativos se declararam trabalhadores por conta pr\u00f3pria. Essa marca representa 86,8% do total de plataformizados. Na economia como um todo, os conta pr\u00f3pria s\u00e3o 28,9% dos ocupados no setor privado.<\/p>\n\n\n\n<p class=\"wp-block-paragraph\">Apesar de trabalharem por iniciativa pr\u00f3pria, o IBGE ressalta que \u201ch\u00e1 evid\u00eancias de certo grau de depend\u00eancia da maior parte desses trabalhadores em rela\u00e7\u00e3o \u00e0s plataformas\u201d.<\/p>\n\n\n\n<p class=\"wp-block-paragraph\">Entre os que trabalham com apps de transporte de passageiros (exceto t\u00e1xis), 80,2% afirmam que o valor a ser recebido por cada tarefa depende totalmente das plataformas digitais.<\/p>\n\n\n\n<p class=\"wp-block-paragraph\">Entre os entregadores, 78,3% disseram que dependem totalmente. J\u00e1 65,9% responderam que o prazo para realiza\u00e7\u00e3o da tarefa depende dos apps, e 71,3% afirmaram que a forma de recebimento do pagamento \u00e9 decidida pela plataforma.<\/p>\n\n\n\n<p class=\"wp-block-paragraph\">O analista da pesquisa, Gustavo Geaquinto Fontes, aponta que esses trabalhadores t\u00eam uma situa\u00e7\u00e3o \u201cdiferente de um conta pr\u00f3pria tradicional\u201d.<\/p>\n\n\n\n<p class=\"wp-block-paragraph\">\u201cApesar de essa pessoa n\u00e3o ter um v\u00ednculo formal com a plataforma, ele, na verdade, tem uma depend\u00eancia em v\u00e1rios aspectos em rela\u00e7\u00e3o \u00e0 empresa que controla a plataforma digital\u201d.<\/p>\n\n\n\n<p class=\"wp-block-paragraph\"><strong>Uberiza\u00e7\u00e3o<\/strong><\/p>\n\n\n\n<p class=\"wp-block-paragraph\">A divulga\u00e7\u00e3o do IBGE acontece cerca de uma semana depois de o Supremo Tribunal Federal (STF) adiar a retomada do julgamento sobre a chamada \u201cuberiza\u00e7\u00e3o\u201d.<\/p>\n\n\n\n<p class=\"wp-block-paragraph\">Representante de categorias que trabalham para aplicativos, como motoristas, buscam o reconhecimento de v\u00ednculo empregat\u00edcio com as plataformas digitais para evitar o que consideram precariza\u00e7\u00e3o do trabalho, alega\u00e7\u00e3o que as principais empresas do setor discordam.<\/p>\n\n\n\n<p class=\"wp-block-paragraph\">Um parecer da Procuradoria-Geral da Rep\u00fablica (PGR) defende que o STF n\u00e3o reconhe\u00e7a o v\u00ednculo.<\/p>\n","protected":false},"excerpt":{"rendered":"<p>Rendimento-hora \u00e9 12% menor que o dos \u201cn\u00e3o plataformizados\u201d; Foto: Paulo Pinto\/Ag\u00eancia Brasil Cerca de 2 milh\u00f5es de pessoas trabalharam&hellip;<\/p>\n","protected":false},"author":1,"featured_media":9665,"comment_status":"open","ping_status":"open","sticky":false,"template":"","format":"standard","meta":{"footnotes":""},"categories":[1],"tags":[],"class_list":["post-9664","post","type-post","status-publish","format-standard","has-post-thumbnail","hentry","category-uncategorized"],"_links":{"self":[{"href":"https:\/\/suanoticiaaqui.com.br\/news\/wp-json\/wp\/v2\/posts\/9664","targetHints":{"allow":["GET"]}}],"collection":[{"href":"https:\/\/suanoticiaaqui.com.br\/news\/wp-json\/wp\/v2\/posts"}],"about":[{"href":"https:\/\/suanoticiaaqui.com.br\/news\/wp-json\/wp\/v2\/types\/post"}],"author":[{"embeddable":true,"href":"https:\/\/suanoticiaaqui.com.br\/news\/wp-json\/wp\/v2\/users\/1"}],"replies":[{"embeddable":true,"href":"https:\/\/suanoticiaaqui.com.br\/news\/wp-json\/wp\/v2\/comments?post=9664"}],"version-history":[{"count":1,"href":"https:\/\/suanoticiaaqui.com.br\/news\/wp-json\/wp\/v2\/posts\/9664\/revisions"}],"predecessor-version":[{"id":9666,"href":"https:\/\/suanoticiaaqui.com.br\/news\/wp-json\/wp\/v2\/posts\/9664\/revisions\/9666"}],"wp:featuredmedia":[{"embeddable":true,"href":"https:\/\/suanoticiaaqui.com.br\/news\/wp-json\/wp\/v2\/media\/9665"}],"wp:attachment":[{"href":"https:\/\/suanoticiaaqui.com.br\/news\/wp-json\/wp\/v2\/media?parent=9664"}],"wp:term":[{"taxonomy":"category","embeddable":true,"href":"https:\/\/suanoticiaaqui.com.br\/news\/wp-json\/wp\/v2\/categories?post=9664"},{"taxonomy":"post_tag","embeddable":true,"href":"https:\/\/suanoticiaaqui.com.br\/news\/wp-json\/wp\/v2\/tags?post=9664"}],"curies":[{"name":"wp","href":"https:\/\/api.w.org\/{rel}","templated":true}]}}