{"id":9667,"date":"2026-09-04T17:10:04","date_gmt":"2026-09-04T21:10:04","guid":{"rendered":"https:\/\/suanoticiaaqui.com.br\/news\/?p=9667"},"modified":"2026-09-04T17:10:04","modified_gmt":"2026-09-04T21:10:04","slug":"feira-sabores-no-parque-reune-gastronomia-musica-e-produtos-da-agricultura-familiar","status":"publish","type":"post","link":"https:\/\/suanoticiaaqui.com.br\/news\/2026\/09\/04\/feira-sabores-no-parque-reune-gastronomia-musica-e-produtos-da-agricultura-familiar\/","title":{"rendered":"Feira Sabores no Parque re\u00fane gastronomia, m\u00fasica e produtos da agricultura familiar"},"content":{"rendered":"\n<p class=\"wp-block-paragraph\">Feira Sabores no Parque foca na valoriza\u00e7\u00e3o da agricultura familiar, gera\u00e7\u00e3o de renda e ocupa\u00e7\u00e3o dos espa\u00e7os p\u00fablicos com entretenimento e cultura; Foto: Aparecido Frota<\/p>\n\n\n\n<ul class=\"wp-block-list\">\n<li>\u00a0por Ligado na Noticia <\/li>\n<\/ul>\n\n\n\n<p class=\"wp-block-paragraph\">A sexta-feira ser\u00e1 de m\u00fasica, gastronomia e lazer no Parque dos Ip\u00eas, em Dourados. Nesta sexta-feira (4), das 17h \u00e0s 23h, acontece mais uma edi\u00e7\u00e3o da Feira Sabores no Parque, iniciativa que re\u00fane produtores, empreendedores e artistas em uma programa\u00e7\u00e3o voltada para toda a fam\u00edlia.<\/p>\n\n\n\n<p class=\"wp-block-paragraph\">Promovida pela Prefeitura de Dourados, por meio da Secretaria Municipal de Agricultura Familiar (Semaf), em parceria com a organiza\u00e7\u00e3o da Feira Sabores no Parque, a programa\u00e7\u00e3o desta semana ter\u00e1 apresenta\u00e7\u00e3o musical de Isa Antunes &amp; J\u00fanior, proporcionando ao p\u00fablico uma op\u00e7\u00e3o de entretenimento para come\u00e7ar o fim de semana.<\/p>\n\n\n\n<p class=\"wp-block-paragraph\">Al\u00e9m da m\u00fasica ao vivo, os visitantes poder\u00e3o encontrar uma variedade de op\u00e7\u00f5es gastron\u00f4micas, produtos da agricultura familiar, artesanato, doces e outros itens comercializados pelos expositores. A feira j\u00e1 se consolidou como espa\u00e7o de conviv\u00eancia e lazer, ao mesmo tempo em que contribui para dar visibilidade aos produtores e pequenos empreendedores locais.<\/p>\n\n\n\n<p class=\"wp-block-paragraph\">A iniciativa tamb\u00e9m integra as a\u00e7\u00f5es de valoriza\u00e7\u00e3o da produ\u00e7\u00e3o local e de fortalecimento da economia, aproximando produtores e consumidores e criando oportunidades para comercializa\u00e7\u00e3o e gera\u00e7\u00e3o de renda.<\/p>\n\n\n\n<p class=\"wp-block-paragraph\">Realizada no Parque dos Ip\u00eas, a feira oferece um ambiente ao ar livre para fam\u00edlias e amigos aproveitarem a noite de sexta-feira, com gastronomia, m\u00fasica e produtos de empreendedores de Dourados.<\/p>\n\n\n\n<p class=\"wp-block-paragraph\"><strong>Servi\u00e7o<\/strong><\/p>\n\n\n\n<p class=\"wp-block-paragraph\">Feira Sabores no Parque<\/p>\n\n\n\n<p class=\"wp-block-paragraph\">Sexta-feira, 4 de setembro<\/p>\n\n\n\n<p class=\"wp-block-paragraph\">Das 17h \u00e0s 23h<\/p>\n\n\n\n<p class=\"wp-block-paragraph\">Parque dos Ip\u00eas \u2013 Avenida Presidente Vargas, Vila Tonani I<\/p>\n\n\n\n<p class=\"wp-block-paragraph\">Atra\u00e7\u00e3o musical: Isa Antunes &amp; J\u00fanior<\/p>\n\n\n\n<p class=\"wp-block-paragraph\">Entrada gratuita<\/p>\n","protected":false},"excerpt":{"rendered":"<p>Feira Sabores no Parque foca na valoriza\u00e7\u00e3o da agricultura familiar, gera\u00e7\u00e3o de renda e ocupa\u00e7\u00e3o dos espa\u00e7os p\u00fablicos com entretenimento&hellip;<\/p>\n","protected":false},"author":1,"featured_media":9668,"comment_status":"open","ping_status":"open","sticky":false,"template":"","format":"standard","meta":{"footnotes":""},"categories":[1],"tags":[],"class_list":["post-9667","post","type-post","status-publish","format-standard","has-post-thumbnail","hentry","category-uncategorized"],"_links":{"self":[{"href":"https:\/\/suanoticiaaqui.com.br\/news\/wp-json\/wp\/v2\/posts\/9667","targetHints":{"allow":["GET"]}}],"collection":[{"href":"https:\/\/suanoticiaaqui.com.br\/news\/wp-json\/wp\/v2\/posts"}],"about":[{"href":"https:\/\/suanoticiaaqui.com.br\/news\/wp-json\/wp\/v2\/types\/post"}],"author":[{"embeddable":true,"href":"https:\/\/suanoticiaaqui.com.br\/news\/wp-json\/wp\/v2\/users\/1"}],"replies":[{"embeddable":true,"href":"https:\/\/suanoticiaaqui.com.br\/news\/wp-json\/wp\/v2\/comments?post=9667"}],"version-history":[{"count":1,"href":"https:\/\/suanoticiaaqui.com.br\/news\/wp-json\/wp\/v2\/posts\/9667\/revisions"}],"predecessor-version":[{"id":9669,"href":"https:\/\/suanoticiaaqui.com.br\/news\/wp-json\/wp\/v2\/posts\/9667\/revisions\/9669"}],"wp:featuredmedia":[{"embeddable":true,"href":"https:\/\/suanoticiaaqui.com.br\/news\/wp-json\/wp\/v2\/media\/9668"}],"wp:attachment":[{"href":"https:\/\/suanoticiaaqui.com.br\/news\/wp-json\/wp\/v2\/media?parent=9667"}],"wp:term":[{"taxonomy":"category","embeddable":true,"href":"https:\/\/suanoticiaaqui.com.br\/news\/wp-json\/wp\/v2\/categories?post=9667"},{"taxonomy":"post_tag","embeddable":true,"href":"https:\/\/suanoticiaaqui.com.br\/news\/wp-json\/wp\/v2\/tags?post=9667"}],"curies":[{"name":"wp","href":"https:\/\/api.w.org\/{rel}","templated":true}]}}