{"id":9670,"date":"2026-09-04T17:12:07","date_gmt":"2026-09-04T21:12:07","guid":{"rendered":"https:\/\/suanoticiaaqui.com.br\/news\/?p=9670"},"modified":"2026-09-04T17:12:07","modified_gmt":"2026-09-04T21:12:07","slug":"fachin-da-5-dias-para-mendonca-e-gonet-responderem-acusacao-de-moraes","status":"publish","type":"post","link":"https:\/\/suanoticiaaqui.com.br\/news\/2026\/09\/04\/fachin-da-5-dias-para-mendonca-e-gonet-responderem-acusacao-de-moraes\/","title":{"rendered":"Fachin d\u00e1 5 dias para Mendon\u00e7a e Gonet responderem acusa\u00e7\u00e3o de Moraes"},"content":{"rendered":"\n<p class=\"wp-block-paragraph\">Foto: G. Dettmar\/ CNJ<\/p>\n\n\n\n<p class=\"wp-block-paragraph\">By\u00a0<a href=\"https:\/\/www.ojacare.com.br\/author\/especial\/\">Especial para O Jacar\u00e9<\/a><\/p>\n\n\n\n<p class=\"wp-block-paragraph\">Ag\u00eancia Brasil<\/p>\n\n\n\n<p class=\"wp-block-paragraph\">O presidente do Supremo Tribunal Federal (STF), Edson Fachin, determinou nesta sexta-feira (4) cinco dias de prazo para que o ministro Andr\u00e9 Mendon\u00e7a, tamb\u00e9m da Corte, e o procurador-geral da Rep\u00fablica, Paulo Gonet, manifestem-se sobre supostas irregularidades na condu\u00e7\u00e3o do caso Master.&nbsp;<img decoding=\"async\" src=\"https:\/\/agenciabrasil.ebc.com.br\/ebc.png?id=1701528&amp;o=node\"><img decoding=\"async\" src=\"https:\/\/agenciabrasil.ebc.com.br\/ebc.gif?id=1701528&amp;o=node\"><\/p>\n\n\n\n<p class=\"wp-block-paragraph\"><strong>Tais irregularidades foram apontadas pelo tamb\u00e9m&nbsp;ministro do Supremo, Alexandre de Moraes. Para embasar suas afirma\u00e7\u00f5es, ele apresentou um relat\u00f3rio de intelig\u00eancia da Pol\u00edcia Federal (PF), embora o documento n\u00e3o traga o cabe\u00e7alho da institui\u00e7\u00e3o ou a assinatura de algum delegado, como \u00e9 de praxe para esse tipo de documento.&nbsp;<\/strong><\/p>\n\n\n\n<p class=\"wp-block-paragraph\">Moraes apontou atos que considera improbidade administrativa, abuso de autoridade e crime de responsabilidade por parte de Mendon\u00e7a, a quem acusa de ter direcionado a investiga\u00e7\u00e3o do caso Master para atingi-lo.&nbsp;<\/p>\n\n\n\n<p class=\"wp-block-paragraph\"><strong>No relat\u00f3rio apresentado por Moraes consta a sugest\u00e3o de que Mendon\u00e7a pudesse estar direcionando as investiga\u00e7\u00f5es do caso Master para atingir&nbsp;desafetos pol\u00edticos, incluindo o pr\u00f3prio Moraes e o presidente do Senado, Davi Alcolumbre (Uni\u00e3o-AP).&nbsp;<\/strong><\/p>\n\n\n\n<p class=\"wp-block-paragraph\">O mesmo documento, contudo, diz que as afirma\u00e7\u00f5es s\u00e3o uma \u201can\u00e1lise de cen\u00e1rio\u201d e tamb\u00e9m \u201csem valor probat\u00f3rio\u201d. O relat\u00f3rio ap\u00f3crifo foi tornado p\u00fablico pelo Supremo.&nbsp;<\/p>\n\n\n\n<h2 class=\"wp-block-heading\">Mensagens&nbsp;<\/h2>\n\n\n\n<p class=\"wp-block-paragraph\"><strong>A crise entre ministros do Supremo emergiu nesta semana, ap\u00f3s Mendon\u00e7a retirar o sigilo de um relat\u00f3rio da PF que traz mensagens enviadas pelo ex-banqueiro Daniel Vorcaro, antigo dono do banco Master, a Moraes, segundo o documento.&nbsp;<\/strong><\/p>\n\n\n\n<p class=\"wp-block-paragraph\">As conversas mostram cita\u00e7\u00f5es aos nomes de Moraes e Gonet. As mensagens foram recuperadas do celular de Vorcaro, alvo central da Opera\u00e7\u00e3o Compliance Zero, que trata da suspeita de fraudes financeiras bilion\u00e1rias no Master. O caso \u00e9 relatado por Mendon\u00e7a.&nbsp;<\/p>\n\n\n\n<p class=\"wp-block-paragraph\"><strong>As dezenas de mensagens sugerem, por exemplo, que Moraes editou um contrato de mais de R$ 130 milh\u00f5es entre o Master e o escrit\u00f3rio de advocacia de sua esposa, Viviane Barci de Moraes.&nbsp;<\/strong><\/p>\n\n\n\n<h2 class=\"wp-block-heading\"><strong>Fachin<\/strong><\/h2>\n\n\n\n<p class=\"wp-block-paragraph\">Na quinta-feira (3), Fachin j\u00e1 havia cobrado que Gonet, Moraes e Mendon\u00e7a se manifestassem sobre as informa\u00e7\u00f5es constantes no relat\u00f3rio da PF sobre as conversas de Vorcaro.<\/p>\n\n\n\n<p class=\"wp-block-paragraph\"><strong>O presidente do STF escreveu que levar\u00e1 ao plen\u00e1rio, no momento oportuno, um pedido do PGR para que as investiga\u00e7\u00f5es supervisionadas por Mendon\u00e7a sejam anuladas. &nbsp;<\/strong><\/p>\n\n\n\n<blockquote class=\"wp-block-quote is-layout-flow wp-block-quote-is-layout-flow\">\n<p class=\"wp-block-paragraph\">\u201cCabe \u00e0 Presid\u00eancia do tribunal zelar para que a poss\u00edvel aprecia\u00e7\u00e3o&nbsp;colegiada seja feita, a tempo e modo, com o elevado senso de&nbsp;responsabilidade que os fatos reclamam, sempre assegurando o respeito&nbsp;\u00e0s garantias constitucionais do devido processo legal, da ampla defesa e&nbsp;do contradit\u00f3rio\u201d, escreveu.&nbsp;<\/p>\n<\/blockquote>\n\n\n\n<p class=\"wp-block-paragraph\"><strong>Em novo despacho nesta sexta-feira, Fachin determinou&nbsp;que Gonet apresente parecer tamb\u00e9m sobre o pedido de investiga\u00e7\u00e3o contra Mendon\u00e7a, feito na noite de ontem por Moraes&nbsp;<\/strong><\/p>\n\n\n\n<p class=\"wp-block-paragraph\">Ainda no despacho de hoje, Fachin determinou que o documento apresentado por Moraes para fazer as acusa\u00e7\u00f5es contra Mendon\u00e7a seja retirado do inqu\u00e9rito das Fake News, relatado pelo pr\u00f3prio Moraes, e anexado a uma peti\u00e7\u00e3o separada, relatada pelo presidente do Supremo.&nbsp;<\/p>\n\n\n\n<blockquote class=\"wp-block-quote is-layout-flow wp-block-quote-is-layout-flow\">\n<p class=\"wp-block-paragraph\">\u201cAs provid\u00eancias ora determinadas destinam-se exclusivamente \u00e0 instru\u00e7\u00e3o do feito, sem antecipa\u00e7\u00e3o de ju\u00edzo quanto \u00e0 admissibilidade, \u00e0 regularidade do procedimento ou ao m\u00e9rito das imputa\u00e7\u00f5es\u201d, escreveu Fachin na decis\u00e3o.<\/p>\n<\/blockquote>\n\n\n\n<p class=\"wp-block-paragraph\"><\/p>\n","protected":false},"excerpt":{"rendered":"<p>Foto: G. Dettmar\/ CNJ By\u00a0Especial para O Jacar\u00e9 Ag\u00eancia Brasil O presidente do Supremo Tribunal Federal (STF), Edson Fachin, determinou&hellip;<\/p>\n","protected":false},"author":1,"featured_media":9671,"comment_status":"open","ping_status":"open","sticky":false,"template":"","format":"standard","meta":{"footnotes":""},"categories":[1],"tags":[],"class_list":["post-9670","post","type-post","status-publish","format-standard","has-post-thumbnail","hentry","category-uncategorized"],"_links":{"self":[{"href":"https:\/\/suanoticiaaqui.com.br\/news\/wp-json\/wp\/v2\/posts\/9670","targetHints":{"allow":["GET"]}}],"collection":[{"href":"https:\/\/suanoticiaaqui.com.br\/news\/wp-json\/wp\/v2\/posts"}],"about":[{"href":"https:\/\/suanoticiaaqui.com.br\/news\/wp-json\/wp\/v2\/types\/post"}],"author":[{"embeddable":true,"href":"https:\/\/suanoticiaaqui.com.br\/news\/wp-json\/wp\/v2\/users\/1"}],"replies":[{"embeddable":true,"href":"https:\/\/suanoticiaaqui.com.br\/news\/wp-json\/wp\/v2\/comments?post=9670"}],"version-history":[{"count":1,"href":"https:\/\/suanoticiaaqui.com.br\/news\/wp-json\/wp\/v2\/posts\/9670\/revisions"}],"predecessor-version":[{"id":9672,"href":"https:\/\/suanoticiaaqui.com.br\/news\/wp-json\/wp\/v2\/posts\/9670\/revisions\/9672"}],"wp:featuredmedia":[{"embeddable":true,"href":"https:\/\/suanoticiaaqui.com.br\/news\/wp-json\/wp\/v2\/media\/9671"}],"wp:attachment":[{"href":"https:\/\/suanoticiaaqui.com.br\/news\/wp-json\/wp\/v2\/media?parent=9670"}],"wp:term":[{"taxonomy":"category","embeddable":true,"href":"https:\/\/suanoticiaaqui.com.br\/news\/wp-json\/wp\/v2\/categories?post=9670"},{"taxonomy":"post_tag","embeddable":true,"href":"https:\/\/suanoticiaaqui.com.br\/news\/wp-json\/wp\/v2\/tags?post=9670"}],"curies":[{"name":"wp","href":"https:\/\/api.w.org\/{rel}","templated":true}]}}